{"id":1699,"date":"2025-08-25T12:43:32","date_gmt":"2025-08-25T11:43:32","guid":{"rendered":"https:\/\/www.radiomais.ao\/?p=1699"},"modified":"2025-08-25T12:43:32","modified_gmt":"2025-08-25T11:43:32","slug":"sida-treze-mil-angolanos-morrem-com-a-doenca-anualmente","status":"publish","type":"post","link":"https:\/\/www.radiomais.ao\/index.php\/2025\/08\/25\/sida-treze-mil-angolanos-morrem-com-a-doenca-anualmente\/","title":{"rendered":"SIDA: Treze mil angolanos morrem com a doen\u00e7a anualmente."},"content":{"rendered":"\n<p><strong>O fen\u00f3meno do S\u00edndrome de Imunodefici\u00eancia Adquirida (SIDA) continua a importunar o sistema sanit\u00e1rio angolano e a vida de milhares de angolanos. Dados apresentados por Ant\u00f3nio Coelho, presidente da Rede Angolana de Organiza\u00e7\u00f5es de Servi\u00e7os do SIDA (ANASO), d\u00e3o conta que, por ano, at\u00e9 13.000 indiv\u00edduos, em Angola, perdem a vida v\u00edtimas do SIDA<\/strong>. Fonte <strong><em><a href=\"https:\/\/www.opais.ao\/sociedade\/sida-treze-mil-angolanos-morrem-com-a-doenca-anualmente\/\">Opa\u00eds<\/a><\/em><\/strong><\/p>\n","protected":false},"excerpt":{"rendered":"<p>O fen\u00f3meno do S\u00edndrome de Imunodefici\u00eancia Adquirida (SIDA) continua a importunar o sistema sanit\u00e1rio angolano e a vida de milhares de angolanos. Dados apresentados por Ant\u00f3nio Coelho, presidente da Rede Angolana de Organiza\u00e7\u00f5es de Servi\u00e7os do SIDA (ANASO), d\u00e3o conta que, por ano, at\u00e9 13.000 indiv\u00edduos, em Angola, perdem a vida v\u00edtimas do SIDA. Fonte [&hellip;]<\/p>\n","protected":false},"author":3,"featured_media":1700,"comment_status":"open","ping_status":"open","sticky":false,"template":"","format":"standard","meta":{"footnotes":""},"categories":[16],"tags":[263,265,82,264],"class_list":["post-1699","post","type-post","status-publish","format-standard","has-post-thumbnail","hentry","category-actualidade","tag-angolanos","tag-anualmente","tag-sida","tag-treze-mil"],"blocksy_meta":[],"_links":{"self":[{"href":"https:\/\/www.radiomais.ao\/index.php\/wp-json\/wp\/v2\/posts\/1699","targetHints":{"allow":["GET"]}}],"collection":[{"href":"https:\/\/www.radiomais.ao\/index.php\/wp-json\/wp\/v2\/posts"}],"about":[{"href":"https:\/\/www.radiomais.ao\/index.php\/wp-json\/wp\/v2\/types\/post"}],"author":[{"embeddable":true,"href":"https:\/\/www.radiomais.ao\/index.php\/wp-json\/wp\/v2\/users\/3"}],"replies":[{"embeddable":true,"href":"https:\/\/www.radiomais.ao\/index.php\/wp-json\/wp\/v2\/comments?post=1699"}],"version-history":[{"count":1,"href":"https:\/\/www.radiomais.ao\/index.php\/wp-json\/wp\/v2\/posts\/1699\/revisions"}],"predecessor-version":[{"id":1701,"href":"https:\/\/www.radiomais.ao\/index.php\/wp-json\/wp\/v2\/posts\/1699\/revisions\/1701"}],"wp:featuredmedia":[{"embeddable":true,"href":"https:\/\/www.radiomais.ao\/index.php\/wp-json\/wp\/v2\/media\/1700"}],"wp:attachment":[{"href":"https:\/\/www.radiomais.ao\/index.php\/wp-json\/wp\/v2\/media?parent=1699"}],"wp:term":[{"taxonomy":"category","embeddable":true,"href":"https:\/\/www.radiomais.ao\/index.php\/wp-json\/wp\/v2\/categories?post=1699"},{"taxonomy":"post_tag","embeddable":true,"href":"https:\/\/www.radiomais.ao\/index.php\/wp-json\/wp\/v2\/tags?post=1699"}],"curies":[{"name":"wp","href":"https:\/\/api.w.org\/{rel}","templated":true}]}}