{"id":1702,"date":"2025-08-25T12:47:41","date_gmt":"2025-08-25T11:47:41","guid":{"rendered":"https:\/\/www.radiomais.ao\/?p=1702"},"modified":"2025-08-25T12:48:52","modified_gmt":"2025-08-25T11:48:52","slug":"habitantes-do-bie-com-maior-disponibilidade-de-energia-electrica","status":"publish","type":"post","link":"https:\/\/www.radiomais.ao\/index.php\/2025\/08\/25\/habitantes-do-bie-com-maior-disponibilidade-de-energia-electrica\/","title":{"rendered":"Habitantes do Bi\u00e9 com maior disponibilidade de energia el\u00e9ctrica."},"content":{"rendered":"\n<p><strong>A prov\u00edncia do Bi\u00e9 ganhou, neste domingo, 24 de Agosto, uma nova infra-estrutura do sector el\u00e9ctrico, com a inaugura\u00e7\u00e3o do Parque Solar Fotovoltaico do Cuito, acto presidido pelo Ministro da Energia e \u00c1guas, Jo\u00e3o Baptista Borges, e que contou igualmente com a presen\u00e7a da Governadora Provincial, Celeste Adolfo<\/strong>. Fonte <strong><em><a href=\"https:\/\/www.opais.ao\/politica\/habitantes-do-bie-com-maior-disponibilidade-de-energia-electrica\/\">Opa\u00eds<\/a><\/em><\/strong><\/p>\n","protected":false},"excerpt":{"rendered":"<p>A prov\u00edncia do Bi\u00e9 ganhou, neste domingo, 24 de Agosto, uma nova infra-estrutura do sector el\u00e9ctrico, com a inaugura\u00e7\u00e3o do Parque Solar Fotovoltaico do Cuito, acto presidido pelo Ministro da Energia e \u00c1guas, Jo\u00e3o Baptista Borges, e que contou igualmente com a presen\u00e7a da Governadora Provincial, Celeste Adolfo. Fonte Opa\u00eds<\/p>\n","protected":false},"author":3,"featured_media":1705,"comment_status":"open","ping_status":"open","sticky":false,"template":"","format":"standard","meta":{"footnotes":""},"categories":[16],"tags":[83,266,267],"class_list":["post-1702","post","type-post","status-publish","format-standard","has-post-thumbnail","hentry","category-actualidade","tag-bie","tag-energia","tag-habitantes"],"blocksy_meta":[],"_links":{"self":[{"href":"https:\/\/www.radiomais.ao\/index.php\/wp-json\/wp\/v2\/posts\/1702","targetHints":{"allow":["GET"]}}],"collection":[{"href":"https:\/\/www.radiomais.ao\/index.php\/wp-json\/wp\/v2\/posts"}],"about":[{"href":"https:\/\/www.radiomais.ao\/index.php\/wp-json\/wp\/v2\/types\/post"}],"author":[{"embeddable":true,"href":"https:\/\/www.radiomais.ao\/index.php\/wp-json\/wp\/v2\/users\/3"}],"replies":[{"embeddable":true,"href":"https:\/\/www.radiomais.ao\/index.php\/wp-json\/wp\/v2\/comments?post=1702"}],"version-history":[{"count":1,"href":"https:\/\/www.radiomais.ao\/index.php\/wp-json\/wp\/v2\/posts\/1702\/revisions"}],"predecessor-version":[{"id":1704,"href":"https:\/\/www.radiomais.ao\/index.php\/wp-json\/wp\/v2\/posts\/1702\/revisions\/1704"}],"wp:featuredmedia":[{"embeddable":true,"href":"https:\/\/www.radiomais.ao\/index.php\/wp-json\/wp\/v2\/media\/1705"}],"wp:attachment":[{"href":"https:\/\/www.radiomais.ao\/index.php\/wp-json\/wp\/v2\/media?parent=1702"}],"wp:term":[{"taxonomy":"category","embeddable":true,"href":"https:\/\/www.radiomais.ao\/index.php\/wp-json\/wp\/v2\/categories?post=1702"},{"taxonomy":"post_tag","embeddable":true,"href":"https:\/\/www.radiomais.ao\/index.php\/wp-json\/wp\/v2\/tags?post=1702"}],"curies":[{"name":"wp","href":"https:\/\/api.w.org\/{rel}","templated":true}]}}