{"id":1709,"date":"2025-08-25T13:05:27","date_gmt":"2025-08-25T12:05:27","guid":{"rendered":"https:\/\/www.radiomais.ao\/?p=1709"},"modified":"2025-08-25T13:05:27","modified_gmt":"2025-08-25T12:05:27","slug":"bombeiros-registam-19-mortes-e-60-feridos-em-72-horas","status":"publish","type":"post","link":"https:\/\/www.radiomais.ao\/index.php\/2025\/08\/25\/bombeiros-registam-19-mortes-e-60-feridos-em-72-horas\/","title":{"rendered":"Bombeiros registam 19 mortes e 60 feridos em 72 horas."},"content":{"rendered":"\n<p>O Comando de Protec\u00e7\u00e3o Civil e Bombeiros informou, nesta segunda-feira, 25, que entre os dias 22 e 24 do corrente m\u00eas, foram registadas 19 mortes e 60 feridos, resultantes de diversas ocorr\u00eancias. Fonte <strong><em><a href=\"https:\/\/www.opais.ao\/sociedade\/bombeiros-registam-19-mortes-e-60-feridos-em-72-horas\/\">Opa\u00eds<\/a><\/em><\/strong><\/p>\n","protected":false},"excerpt":{"rendered":"<p>O Comando de Protec\u00e7\u00e3o Civil e Bombeiros informou, nesta segunda-feira, 25, que entre os dias 22 e 24 do corrente m\u00eas, foram registadas 19 mortes e 60 feridos, resultantes de diversas ocorr\u00eancias. Fonte Opa\u00eds<\/p>\n","protected":false},"author":3,"featured_media":1710,"comment_status":"open","ping_status":"open","sticky":false,"template":"","format":"standard","meta":{"footnotes":""},"categories":[16],"tags":[272,271,270,273],"class_list":["post-1709","post","type-post","status-publish","format-standard","has-post-thumbnail","hentry","category-actualidade","tag-19-mortes","tag-72-horas","tag-bombeiros","tag-registadas"],"blocksy_meta":[],"_links":{"self":[{"href":"https:\/\/www.radiomais.ao\/index.php\/wp-json\/wp\/v2\/posts\/1709","targetHints":{"allow":["GET"]}}],"collection":[{"href":"https:\/\/www.radiomais.ao\/index.php\/wp-json\/wp\/v2\/posts"}],"about":[{"href":"https:\/\/www.radiomais.ao\/index.php\/wp-json\/wp\/v2\/types\/post"}],"author":[{"embeddable":true,"href":"https:\/\/www.radiomais.ao\/index.php\/wp-json\/wp\/v2\/users\/3"}],"replies":[{"embeddable":true,"href":"https:\/\/www.radiomais.ao\/index.php\/wp-json\/wp\/v2\/comments?post=1709"}],"version-history":[{"count":1,"href":"https:\/\/www.radiomais.ao\/index.php\/wp-json\/wp\/v2\/posts\/1709\/revisions"}],"predecessor-version":[{"id":1711,"href":"https:\/\/www.radiomais.ao\/index.php\/wp-json\/wp\/v2\/posts\/1709\/revisions\/1711"}],"wp:featuredmedia":[{"embeddable":true,"href":"https:\/\/www.radiomais.ao\/index.php\/wp-json\/wp\/v2\/media\/1710"}],"wp:attachment":[{"href":"https:\/\/www.radiomais.ao\/index.php\/wp-json\/wp\/v2\/media?parent=1709"}],"wp:term":[{"taxonomy":"category","embeddable":true,"href":"https:\/\/www.radiomais.ao\/index.php\/wp-json\/wp\/v2\/categories?post=1709"},{"taxonomy":"post_tag","embeddable":true,"href":"https:\/\/www.radiomais.ao\/index.php\/wp-json\/wp\/v2\/tags?post=1709"}],"curies":[{"name":"wp","href":"https:\/\/api.w.org\/{rel}","templated":true}]}}