{"id":1722,"date":"2025-08-26T09:47:13","date_gmt":"2025-08-26T08:47:13","guid":{"rendered":"https:\/\/www.radiomais.ao\/?p=1722"},"modified":"2025-08-26T09:47:13","modified_gmt":"2025-08-26T08:47:13","slug":"angola-e-emirados-arabes-unidos-elevam-cooperacao-em-varios-sectores","status":"publish","type":"post","link":"https:\/\/www.radiomais.ao\/index.php\/2025\/08\/26\/angola-e-emirados-arabes-unidos-elevam-cooperacao-em-varios-sectores\/","title":{"rendered":"Angola e Emirados \u00c1rabes Unidos elevam coopera\u00e7\u00e3o em v\u00e1rios sectores."},"content":{"rendered":"\n<p><strong>Um total de 44 instrumentos jur\u00eddicos foram firmados, por ocasi\u00e3o da primeira visita de Estado do Presidente dos Emirados \u00c1rabes Unidos \u00e0 Rep\u00fablica de Angola. Os dois pa\u00edses mant\u00eam uma rela\u00e7\u00e3o de amizade e de coopera\u00e7\u00e3o de longa data, assente nos contactos aos mais variados n\u00edveis<\/strong>. Fonte <strong><em><a href=\"https:\/\/www.opais.ao\/politica\/angola-e-emirados-arabes-unidos-elevam-cooperacao-em-varios-sectores\/\">Opa\u00eds<\/a><\/em><\/strong><\/p>\n","protected":false},"excerpt":{"rendered":"<p>Um total de 44 instrumentos jur\u00eddicos foram firmados, por ocasi\u00e3o da primeira visita de Estado do Presidente dos Emirados \u00c1rabes Unidos \u00e0 Rep\u00fablica de Angola. Os dois pa\u00edses mant\u00eam uma rela\u00e7\u00e3o de amizade e de coopera\u00e7\u00e3o de longa data, assente nos contactos aos mais variados n\u00edveis. Fonte Opa\u00eds<\/p>\n","protected":false},"author":3,"featured_media":1723,"comment_status":"open","ping_status":"open","sticky":false,"template":"","format":"standard","meta":{"footnotes":""},"categories":[1],"tags":[75,283,22,282],"class_list":["post-1722","post","type-post","status-publish","format-standard","has-post-thumbnail","hentry","category-uncategorized","tag-angola","tag-cooperacao","tag-destaque","tag-emirados-arabes"],"blocksy_meta":[],"_links":{"self":[{"href":"https:\/\/www.radiomais.ao\/index.php\/wp-json\/wp\/v2\/posts\/1722","targetHints":{"allow":["GET"]}}],"collection":[{"href":"https:\/\/www.radiomais.ao\/index.php\/wp-json\/wp\/v2\/posts"}],"about":[{"href":"https:\/\/www.radiomais.ao\/index.php\/wp-json\/wp\/v2\/types\/post"}],"author":[{"embeddable":true,"href":"https:\/\/www.radiomais.ao\/index.php\/wp-json\/wp\/v2\/users\/3"}],"replies":[{"embeddable":true,"href":"https:\/\/www.radiomais.ao\/index.php\/wp-json\/wp\/v2\/comments?post=1722"}],"version-history":[{"count":1,"href":"https:\/\/www.radiomais.ao\/index.php\/wp-json\/wp\/v2\/posts\/1722\/revisions"}],"predecessor-version":[{"id":1724,"href":"https:\/\/www.radiomais.ao\/index.php\/wp-json\/wp\/v2\/posts\/1722\/revisions\/1724"}],"wp:featuredmedia":[{"embeddable":true,"href":"https:\/\/www.radiomais.ao\/index.php\/wp-json\/wp\/v2\/media\/1723"}],"wp:attachment":[{"href":"https:\/\/www.radiomais.ao\/index.php\/wp-json\/wp\/v2\/media?parent=1722"}],"wp:term":[{"taxonomy":"category","embeddable":true,"href":"https:\/\/www.radiomais.ao\/index.php\/wp-json\/wp\/v2\/categories?post=1722"},{"taxonomy":"post_tag","embeddable":true,"href":"https:\/\/www.radiomais.ao\/index.php\/wp-json\/wp\/v2\/tags?post=1722"}],"curies":[{"name":"wp","href":"https:\/\/api.w.org\/{rel}","templated":true}]}}