{"id":1728,"date":"2025-08-26T09:53:57","date_gmt":"2025-08-26T08:53:57","guid":{"rendered":"https:\/\/www.radiomais.ao\/?p=1728"},"modified":"2025-08-26T09:53:57","modified_gmt":"2025-08-26T08:53:57","slug":"mpla-acompanha-obras-de-modernizacao-urbana-na-cidade-do-luena","status":"publish","type":"post","link":"https:\/\/www.radiomais.ao\/index.php\/2025\/08\/26\/mpla-acompanha-obras-de-modernizacao-urbana-na-cidade-do-luena\/","title":{"rendered":"MPLA acompanha obras de moderniza\u00e7\u00e3o urbana na cidade do Luena."},"content":{"rendered":"\n<p><strong>O grupo de acompanhamento do secretariado do Bureau Pol\u00edtico do MPLA \u00e0 prov\u00edncia do Moxico, coordenado por Pedro Sebasti\u00e3o Teta, realizou, ontem, naquela prov\u00edncia, uma visita de inspec\u00e7\u00e3o \u00e0s principais infra-estruturas em execu\u00e7\u00e3o na cidade do Luena, no \u00e2mbito da fiscaliza\u00e7\u00e3o pol\u00edtica partid\u00e1ria<\/strong>. Fonte <strong><em><a href=\"https:\/\/www.opais.ao\/politica\/mpla-acompanha-obras-de-modernizacao-urbana-na-cidade-do-luena\/\">Opa\u00eds<\/a><\/em><\/strong><\/p>\n","protected":false},"excerpt":{"rendered":"<p>O grupo de acompanhamento do secretariado do Bureau Pol\u00edtico do MPLA \u00e0 prov\u00edncia do Moxico, coordenado por Pedro Sebasti\u00e3o Teta, realizou, ontem, naquela prov\u00edncia, uma visita de inspec\u00e7\u00e3o \u00e0s principais infra-estruturas em execu\u00e7\u00e3o na cidade do Luena, no \u00e2mbito da fiscaliza\u00e7\u00e3o pol\u00edtica partid\u00e1ria. Fonte Opa\u00eds<\/p>\n","protected":false},"author":3,"featured_media":1729,"comment_status":"open","ping_status":"open","sticky":false,"template":"","format":"standard","meta":{"footnotes":""},"categories":[16],"tags":[157,284],"class_list":["post-1728","post","type-post","status-publish","format-standard","has-post-thumbnail","hentry","category-actualidade","tag-mpla","tag-obras-urbanas"],"blocksy_meta":[],"_links":{"self":[{"href":"https:\/\/www.radiomais.ao\/index.php\/wp-json\/wp\/v2\/posts\/1728","targetHints":{"allow":["GET"]}}],"collection":[{"href":"https:\/\/www.radiomais.ao\/index.php\/wp-json\/wp\/v2\/posts"}],"about":[{"href":"https:\/\/www.radiomais.ao\/index.php\/wp-json\/wp\/v2\/types\/post"}],"author":[{"embeddable":true,"href":"https:\/\/www.radiomais.ao\/index.php\/wp-json\/wp\/v2\/users\/3"}],"replies":[{"embeddable":true,"href":"https:\/\/www.radiomais.ao\/index.php\/wp-json\/wp\/v2\/comments?post=1728"}],"version-history":[{"count":1,"href":"https:\/\/www.radiomais.ao\/index.php\/wp-json\/wp\/v2\/posts\/1728\/revisions"}],"predecessor-version":[{"id":1730,"href":"https:\/\/www.radiomais.ao\/index.php\/wp-json\/wp\/v2\/posts\/1728\/revisions\/1730"}],"wp:featuredmedia":[{"embeddable":true,"href":"https:\/\/www.radiomais.ao\/index.php\/wp-json\/wp\/v2\/media\/1729"}],"wp:attachment":[{"href":"https:\/\/www.radiomais.ao\/index.php\/wp-json\/wp\/v2\/media?parent=1728"}],"wp:term":[{"taxonomy":"category","embeddable":true,"href":"https:\/\/www.radiomais.ao\/index.php\/wp-json\/wp\/v2\/categories?post=1728"},{"taxonomy":"post_tag","embeddable":true,"href":"https:\/\/www.radiomais.ao\/index.php\/wp-json\/wp\/v2\/tags?post=1728"}],"curies":[{"name":"wp","href":"https:\/\/api.w.org\/{rel}","templated":true}]}}