{"id":1731,"date":"2025-08-26T09:59:52","date_gmt":"2025-08-26T08:59:52","guid":{"rendered":"https:\/\/www.radiomais.ao\/?p=1731"},"modified":"2025-08-26T09:59:52","modified_gmt":"2025-08-26T08:59:52","slug":"cerca-de-84-dos-angolanos-estao-excluidos-de-qualquer-forma-de-credito","status":"publish","type":"post","link":"https:\/\/www.radiomais.ao\/index.php\/2025\/08\/26\/cerca-de-84-dos-angolanos-estao-excluidos-de-qualquer-forma-de-credito\/","title":{"rendered":"Cerca de 84% dos angolanos est\u00e3o exclu\u00eddos de qualquer forma de cr\u00e9dito."},"content":{"rendered":"\n<p><strong>Segundo o PCE da Kixicr\u00e9dito, este facto tem atrasado o desenvolvimento agr\u00edcola do pa\u00eds. Apesar do micro-cr\u00e9dito, a agricultura est\u00e1 a crescer, ainda \u00e9 impulsionada por bancos tradicionais e o Fundo de Desenvolvimento Agr\u00e1rio (FADA), para aquisi\u00e7\u00e3o de m\u00e1quinas, sementes e fertilizantes<\/strong>. Fonte <strong><em><a href=\"https:\/\/www.opais.ao\/economia\/cerca-de-84-dos-angolanos-estao-excluidos-de-qualquer-forma-de-credito\/\">Opa\u00eds<\/a><\/em><\/strong><\/p>\n\n\n\n<p><\/p>\n","protected":false},"excerpt":{"rendered":"<p>Segundo o PCE da Kixicr\u00e9dito, este facto tem atrasado o desenvolvimento agr\u00edcola do pa\u00eds. Apesar do micro-cr\u00e9dito, a agricultura est\u00e1 a crescer, ainda \u00e9 impulsionada por bancos tradicionais e o Fundo de Desenvolvimento Agr\u00e1rio (FADA), para aquisi\u00e7\u00e3o de m\u00e1quinas, sementes e fertilizantes. Fonte Opa\u00eds<\/p>\n","protected":false},"author":3,"featured_media":1732,"comment_status":"open","ping_status":"open","sticky":false,"template":"","format":"standard","meta":{"footnotes":""},"categories":[16],"tags":[263,286,285],"class_list":["post-1731","post","type-post","status-publish","format-standard","has-post-thumbnail","hentry","category-actualidade","tag-angolanos","tag-creditos","tag-kixicredito"],"blocksy_meta":[],"_links":{"self":[{"href":"https:\/\/www.radiomais.ao\/index.php\/wp-json\/wp\/v2\/posts\/1731","targetHints":{"allow":["GET"]}}],"collection":[{"href":"https:\/\/www.radiomais.ao\/index.php\/wp-json\/wp\/v2\/posts"}],"about":[{"href":"https:\/\/www.radiomais.ao\/index.php\/wp-json\/wp\/v2\/types\/post"}],"author":[{"embeddable":true,"href":"https:\/\/www.radiomais.ao\/index.php\/wp-json\/wp\/v2\/users\/3"}],"replies":[{"embeddable":true,"href":"https:\/\/www.radiomais.ao\/index.php\/wp-json\/wp\/v2\/comments?post=1731"}],"version-history":[{"count":1,"href":"https:\/\/www.radiomais.ao\/index.php\/wp-json\/wp\/v2\/posts\/1731\/revisions"}],"predecessor-version":[{"id":1733,"href":"https:\/\/www.radiomais.ao\/index.php\/wp-json\/wp\/v2\/posts\/1731\/revisions\/1733"}],"wp:featuredmedia":[{"embeddable":true,"href":"https:\/\/www.radiomais.ao\/index.php\/wp-json\/wp\/v2\/media\/1732"}],"wp:attachment":[{"href":"https:\/\/www.radiomais.ao\/index.php\/wp-json\/wp\/v2\/media?parent=1731"}],"wp:term":[{"taxonomy":"category","embeddable":true,"href":"https:\/\/www.radiomais.ao\/index.php\/wp-json\/wp\/v2\/categories?post=1731"},{"taxonomy":"post_tag","embeddable":true,"href":"https:\/\/www.radiomais.ao\/index.php\/wp-json\/wp\/v2\/tags?post=1731"}],"curies":[{"name":"wp","href":"https:\/\/api.w.org\/{rel}","templated":true}]}}