{"id":1741,"date":"2025-08-26T10:19:06","date_gmt":"2025-08-26T09:19:06","guid":{"rendered":"https:\/\/www.radiomais.ao\/?p=1741"},"modified":"2025-08-26T10:19:06","modified_gmt":"2025-08-26T09:19:06","slug":"crianca-de-4-anos-abusada-sexualmente-e-abandonada-em-matagal-no-catabola","status":"publish","type":"post","link":"https:\/\/www.radiomais.ao\/index.php\/2025\/08\/26\/crianca-de-4-anos-abusada-sexualmente-e-abandonada-em-matagal-no-catabola\/","title":{"rendered":"Crian\u00e7a de 4 anos abusada sexualmente e abandonada em matagal no Catabola."},"content":{"rendered":"\n<p><strong>No Bi\u00e9, munic\u00edpio de Catabola, uma menina de apenas 4 anos foi abusada sexualmente pelo vizinho de 27 anos de idade que, de acordo com a den\u00fancia feita ao Instituto Nacional da Crian\u00e7a (INAC), o agressor aproveitou-se da aus\u00eancia dos progenitores da v\u00edtima para invadir a resid\u00eancia na calada da noite, raptar a menor, levando-a em um matagal onde a agrediu fisicamente, abusou e abandonou-a pensando que estivesse morta<\/strong>. Fonte <strong><em><a href=\"https:\/\/www.opais.ao\/sociedade\/crianca-de-4-anos-abusada-sexualmente-e-abandonada-em-matagal-no-catabola\/\">Opa\u00eds<\/a><\/em><\/strong><\/p>\n","protected":false},"excerpt":{"rendered":"<p>No Bi\u00e9, munic\u00edpio de Catabola, uma menina de apenas 4 anos foi abusada sexualmente pelo vizinho de 27 anos de idade que, de acordo com a den\u00fancia feita ao Instituto Nacional da Crian\u00e7a (INAC), o agressor aproveitou-se da aus\u00eancia dos progenitores da v\u00edtima para invadir a resid\u00eancia na calada da noite, raptar a menor, levando-a [&hellip;]<\/p>\n","protected":false},"author":3,"featured_media":1742,"comment_status":"open","ping_status":"open","sticky":false,"template":"","format":"standard","meta":{"footnotes":""},"categories":[16],"tags":[253,289,250],"class_list":["post-1741","post","type-post","status-publish","format-standard","has-post-thumbnail","hentry","category-actualidade","tag-abuso","tag-catabola","tag-menor"],"blocksy_meta":[],"_links":{"self":[{"href":"https:\/\/www.radiomais.ao\/index.php\/wp-json\/wp\/v2\/posts\/1741","targetHints":{"allow":["GET"]}}],"collection":[{"href":"https:\/\/www.radiomais.ao\/index.php\/wp-json\/wp\/v2\/posts"}],"about":[{"href":"https:\/\/www.radiomais.ao\/index.php\/wp-json\/wp\/v2\/types\/post"}],"author":[{"embeddable":true,"href":"https:\/\/www.radiomais.ao\/index.php\/wp-json\/wp\/v2\/users\/3"}],"replies":[{"embeddable":true,"href":"https:\/\/www.radiomais.ao\/index.php\/wp-json\/wp\/v2\/comments?post=1741"}],"version-history":[{"count":1,"href":"https:\/\/www.radiomais.ao\/index.php\/wp-json\/wp\/v2\/posts\/1741\/revisions"}],"predecessor-version":[{"id":1743,"href":"https:\/\/www.radiomais.ao\/index.php\/wp-json\/wp\/v2\/posts\/1741\/revisions\/1743"}],"wp:featuredmedia":[{"embeddable":true,"href":"https:\/\/www.radiomais.ao\/index.php\/wp-json\/wp\/v2\/media\/1742"}],"wp:attachment":[{"href":"https:\/\/www.radiomais.ao\/index.php\/wp-json\/wp\/v2\/media?parent=1741"}],"wp:term":[{"taxonomy":"category","embeddable":true,"href":"https:\/\/www.radiomais.ao\/index.php\/wp-json\/wp\/v2\/categories?post=1741"},{"taxonomy":"post_tag","embeddable":true,"href":"https:\/\/www.radiomais.ao\/index.php\/wp-json\/wp\/v2\/tags?post=1741"}],"curies":[{"name":"wp","href":"https:\/\/api.w.org\/{rel}","templated":true}]}}