{"id":1748,"date":"2025-08-26T11:11:35","date_gmt":"2025-08-26T10:11:35","guid":{"rendered":"https:\/\/www.radiomais.ao\/?p=1748"},"modified":"2025-08-26T11:11:35","modified_gmt":"2025-08-26T10:11:35","slug":"eduardo-paim-prepara-tournee-de-50-anos-de-carreira","status":"publish","type":"post","link":"https:\/\/www.radiomais.ao\/index.php\/2025\/08\/26\/eduardo-paim-prepara-tournee-de-50-anos-de-carreira\/","title":{"rendered":"Eduardo Pa\u00edm prepara tourn\u00e9e de 50 anos de carreira."},"content":{"rendered":"\n<p>O rei da kizomba, como tamb\u00e9m \u00e9 tratado no mundo art\u00edstico, Eduardo Pa\u00edm diz estar a preparar uma pequena tourn\u00e9e para celebrar o seu 50\u00ba anivers\u00e1rio de carreira musical, levando a sua m\u00fasica para os v\u00e1rios cantos do pa\u00eds com concertos ao vivo. Fonte <strong><em><a href=\"https:\/\/www.opais.ao\/cultura\/eduardo-paim-prepara-tournee-de-50-anos-de-carreira\/\">Opa\u00eds<\/a><\/em><\/strong><\/p>\n","protected":false},"excerpt":{"rendered":"<p>O rei da kizomba, como tamb\u00e9m \u00e9 tratado no mundo art\u00edstico, Eduardo Pa\u00edm diz estar a preparar uma pequena tourn\u00e9e para celebrar o seu 50\u00ba anivers\u00e1rio de carreira musical, levando a sua m\u00fasica para os v\u00e1rios cantos do pa\u00eds com concertos ao vivo. Fonte Opa\u00eds<\/p>\n","protected":false},"author":3,"featured_media":1749,"comment_status":"open","ping_status":"open","sticky":false,"template":"","format":"standard","meta":{"footnotes":""},"categories":[16],"tags":[295,296,294,208],"class_list":["post-1748","post","type-post","status-publish","format-standard","has-post-thumbnail","hentry","category-actualidade","tag-50-anos-de-carreira","tag-cultura","tag-eduardo-paim","tag-musica"],"blocksy_meta":[],"_links":{"self":[{"href":"https:\/\/www.radiomais.ao\/index.php\/wp-json\/wp\/v2\/posts\/1748","targetHints":{"allow":["GET"]}}],"collection":[{"href":"https:\/\/www.radiomais.ao\/index.php\/wp-json\/wp\/v2\/posts"}],"about":[{"href":"https:\/\/www.radiomais.ao\/index.php\/wp-json\/wp\/v2\/types\/post"}],"author":[{"embeddable":true,"href":"https:\/\/www.radiomais.ao\/index.php\/wp-json\/wp\/v2\/users\/3"}],"replies":[{"embeddable":true,"href":"https:\/\/www.radiomais.ao\/index.php\/wp-json\/wp\/v2\/comments?post=1748"}],"version-history":[{"count":1,"href":"https:\/\/www.radiomais.ao\/index.php\/wp-json\/wp\/v2\/posts\/1748\/revisions"}],"predecessor-version":[{"id":1750,"href":"https:\/\/www.radiomais.ao\/index.php\/wp-json\/wp\/v2\/posts\/1748\/revisions\/1750"}],"wp:featuredmedia":[{"embeddable":true,"href":"https:\/\/www.radiomais.ao\/index.php\/wp-json\/wp\/v2\/media\/1749"}],"wp:attachment":[{"href":"https:\/\/www.radiomais.ao\/index.php\/wp-json\/wp\/v2\/media?parent=1748"}],"wp:term":[{"taxonomy":"category","embeddable":true,"href":"https:\/\/www.radiomais.ao\/index.php\/wp-json\/wp\/v2\/categories?post=1748"},{"taxonomy":"post_tag","embeddable":true,"href":"https:\/\/www.radiomais.ao\/index.php\/wp-json\/wp\/v2\/tags?post=1748"}],"curies":[{"name":"wp","href":"https:\/\/api.w.org\/{rel}","templated":true}]}}