{"id":1752,"date":"2025-08-27T10:33:02","date_gmt":"2025-08-27T09:33:02","guid":{"rendered":"https:\/\/www.radiomais.ao\/?p=1752"},"modified":"2025-08-27T10:33:02","modified_gmt":"2025-08-27T09:33:02","slug":"dirigentes-da-unita-no-bie-condenados-a-um-e-dois-anos-de-prisao-efectiva-por-agressao-a-agentes-da-pn","status":"publish","type":"post","link":"https:\/\/www.radiomais.ao\/index.php\/2025\/08\/27\/dirigentes-da-unita-no-bie-condenados-a-um-e-dois-anos-de-prisao-efectiva-por-agressao-a-agentes-da-pn\/","title":{"rendered":"Dirigentes da UNITA no Bi\u00e9 condenados a um e dois anos de pris\u00e3o efectiva por agress\u00e3o a agentes da PN."},"content":{"rendered":"\n<p>A condena\u00e7\u00e3o dos militantes da UNITA, maior partido da oposi\u00e7\u00e3o, est\u00e1 ligada ao acto de agress\u00e3o ocorrido durante uma marcha promovida por este partido no \u00faltimo s\u00e1bado, 23. J\u00e1 a UNITA negou as acusa\u00e7\u00f5es imputadas aos seus militantes e considerou que a \u201ccondena\u00e7\u00e3o foi pol\u00edtica e visa silenciar a oposi\u00e7\u00e3o\u201d. Fonte <strong><em><a href=\"https:\/\/www.opais.ao\/politica\/dirigentes-da-unita-no-bie-condenados-a-um-e-dois-anos-de-prisao-efectiva-por-agressao-a-agentes-da-pn\/\">Opa\u00eds<\/a><\/em><\/strong><\/p>\n\n\n\n<p><\/p>\n","protected":false},"excerpt":{"rendered":"<p>A condena\u00e7\u00e3o dos militantes da UNITA, maior partido da oposi\u00e7\u00e3o, est\u00e1 ligada ao acto de agress\u00e3o ocorrido durante uma marcha promovida por este partido no \u00faltimo s\u00e1bado, 23. J\u00e1 a UNITA negou as acusa\u00e7\u00f5es imputadas aos seus militantes e considerou que a \u201ccondena\u00e7\u00e3o foi pol\u00edtica e visa silenciar a oposi\u00e7\u00e3o\u201d. Fonte Opa\u00eds<\/p>\n","protected":false},"author":3,"featured_media":1753,"comment_status":"open","ping_status":"open","sticky":false,"template":"","format":"standard","meta":{"footnotes":""},"categories":[16],"tags":[297],"class_list":["post-1752","post","type-post","status-publish","format-standard","has-post-thumbnail","hentry","category-actualidade","tag-dirigentes-da-unita-no-bie-condenados-a-um-e-dois-anos-de-prisao-efectiva"],"blocksy_meta":[],"_links":{"self":[{"href":"https:\/\/www.radiomais.ao\/index.php\/wp-json\/wp\/v2\/posts\/1752","targetHints":{"allow":["GET"]}}],"collection":[{"href":"https:\/\/www.radiomais.ao\/index.php\/wp-json\/wp\/v2\/posts"}],"about":[{"href":"https:\/\/www.radiomais.ao\/index.php\/wp-json\/wp\/v2\/types\/post"}],"author":[{"embeddable":true,"href":"https:\/\/www.radiomais.ao\/index.php\/wp-json\/wp\/v2\/users\/3"}],"replies":[{"embeddable":true,"href":"https:\/\/www.radiomais.ao\/index.php\/wp-json\/wp\/v2\/comments?post=1752"}],"version-history":[{"count":1,"href":"https:\/\/www.radiomais.ao\/index.php\/wp-json\/wp\/v2\/posts\/1752\/revisions"}],"predecessor-version":[{"id":1754,"href":"https:\/\/www.radiomais.ao\/index.php\/wp-json\/wp\/v2\/posts\/1752\/revisions\/1754"}],"wp:featuredmedia":[{"embeddable":true,"href":"https:\/\/www.radiomais.ao\/index.php\/wp-json\/wp\/v2\/media\/1753"}],"wp:attachment":[{"href":"https:\/\/www.radiomais.ao\/index.php\/wp-json\/wp\/v2\/media?parent=1752"}],"wp:term":[{"taxonomy":"category","embeddable":true,"href":"https:\/\/www.radiomais.ao\/index.php\/wp-json\/wp\/v2\/categories?post=1752"},{"taxonomy":"post_tag","embeddable":true,"href":"https:\/\/www.radiomais.ao\/index.php\/wp-json\/wp\/v2\/tags?post=1752"}],"curies":[{"name":"wp","href":"https:\/\/api.w.org\/{rel}","templated":true}]}}