{"id":1762,"date":"2025-08-27T11:05:43","date_gmt":"2025-08-27T10:05:43","guid":{"rendered":"https:\/\/www.radiomais.ao\/?p=1762"},"modified":"2025-08-27T11:05:43","modified_gmt":"2025-08-27T10:05:43","slug":"agricultores-querem-aumentar-areas-de-cultivo-na-safra-2025-2026","status":"publish","type":"post","link":"https:\/\/www.radiomais.ao\/index.php\/2025\/08\/27\/agricultores-querem-aumentar-areas-de-cultivo-na-safra-2025-2026\/","title":{"rendered":"Agricultores querem aumentar \u00e1reas de cultivo na safra 2025\/2026."},"content":{"rendered":"\n<p><strong>Em v\u00e9spera do in\u00edcio de uma nova \u00e9poca para os agricultores, o presidente da Uni\u00e3o Nacional dos Camponeses de Angola (UNACA), Jos\u00e9 dos Santos, faz um balan\u00e7o positivo relativamente ao ano agr\u00edcola 2024\/2025, que culmina com a recupera\u00e7\u00e3o das fam\u00edlias, em termos de produ\u00e7\u00e3o<\/strong>. Fonte <strong><em><a href=\"https:\/\/www.opais.ao\/economia\/agricultores-querem-aumentar-areas-de-cultivo-na-safra-2025-2026\/\">Opa\u00eds<\/a><\/em><\/strong><\/p>\n","protected":false},"excerpt":{"rendered":"<p>Em v\u00e9spera do in\u00edcio de uma nova \u00e9poca para os agricultores, o presidente da Uni\u00e3o Nacional dos Camponeses de Angola (UNACA), Jos\u00e9 dos Santos, faz um balan\u00e7o positivo relativamente ao ano agr\u00edcola 2024\/2025, que culmina com a recupera\u00e7\u00e3o das fam\u00edlias, em termos de produ\u00e7\u00e3o. Fonte Opa\u00eds<\/p>\n","protected":false},"author":3,"featured_media":1763,"comment_status":"open","ping_status":"open","sticky":false,"template":"","format":"standard","meta":{"footnotes":""},"categories":[16],"tags":[],"class_list":["post-1762","post","type-post","status-publish","format-standard","has-post-thumbnail","hentry","category-actualidade"],"blocksy_meta":[],"_links":{"self":[{"href":"https:\/\/www.radiomais.ao\/index.php\/wp-json\/wp\/v2\/posts\/1762","targetHints":{"allow":["GET"]}}],"collection":[{"href":"https:\/\/www.radiomais.ao\/index.php\/wp-json\/wp\/v2\/posts"}],"about":[{"href":"https:\/\/www.radiomais.ao\/index.php\/wp-json\/wp\/v2\/types\/post"}],"author":[{"embeddable":true,"href":"https:\/\/www.radiomais.ao\/index.php\/wp-json\/wp\/v2\/users\/3"}],"replies":[{"embeddable":true,"href":"https:\/\/www.radiomais.ao\/index.php\/wp-json\/wp\/v2\/comments?post=1762"}],"version-history":[{"count":1,"href":"https:\/\/www.radiomais.ao\/index.php\/wp-json\/wp\/v2\/posts\/1762\/revisions"}],"predecessor-version":[{"id":1764,"href":"https:\/\/www.radiomais.ao\/index.php\/wp-json\/wp\/v2\/posts\/1762\/revisions\/1764"}],"wp:featuredmedia":[{"embeddable":true,"href":"https:\/\/www.radiomais.ao\/index.php\/wp-json\/wp\/v2\/media\/1763"}],"wp:attachment":[{"href":"https:\/\/www.radiomais.ao\/index.php\/wp-json\/wp\/v2\/media?parent=1762"}],"wp:term":[{"taxonomy":"category","embeddable":true,"href":"https:\/\/www.radiomais.ao\/index.php\/wp-json\/wp\/v2\/categories?post=1762"},{"taxonomy":"post_tag","embeddable":true,"href":"https:\/\/www.radiomais.ao\/index.php\/wp-json\/wp\/v2\/tags?post=1762"}],"curies":[{"name":"wp","href":"https:\/\/api.w.org\/{rel}","templated":true}]}}