{"id":1765,"date":"2025-08-27T11:16:02","date_gmt":"2025-08-27T10:16:02","guid":{"rendered":"https:\/\/www.radiomais.ao\/?p=1765"},"modified":"2025-08-27T11:16:02","modified_gmt":"2025-08-27T10:16:02","slug":"salario-minimo-de-100-mil-kwanzas-passa-a-ser-pago-a-partir-de-setembro","status":"publish","type":"post","link":"https:\/\/www.radiomais.ao\/index.php\/2025\/08\/27\/salario-minimo-de-100-mil-kwanzas-passa-a-ser-pago-a-partir-de-setembro\/","title":{"rendered":"Sal\u00e1rio m\u00ednimo de 100 mil kwanzas passa a ser pago a partir de Setembro."},"content":{"rendered":"\n<p><strong>As empresas que n\u00e3o t\u00eam condi\u00e7\u00f5es de pagar o Sal\u00e1rio M\u00ednimo Nacional a 100 mil kwanzas, a partir da data estabelecida, t\u00eam mais 12 meses para faz\u00ea-lo, depois da situa\u00e7\u00e3o que impossibilita ser confirmada pelo Grupo T\u00e9cnico de Evolu\u00e7\u00e3o do Sal\u00e1rio M\u00ednimo Nacional, conforme anunciado ontem, em Luanda, pelo director nacional do Trabalho, Blanche Chendovava<\/strong>. Fonte <strong><em><a href=\"https:\/\/www.opais.ao\/politica\/salario-minimo-de-100-mil-kwanzas-passa-a-ser-pago-a-partir-de-setembro\/\">Opa\u00eds<\/a><\/em><\/strong><\/p>\n","protected":false},"excerpt":{"rendered":"<p>As empresas que n\u00e3o t\u00eam condi\u00e7\u00f5es de pagar o Sal\u00e1rio M\u00ednimo Nacional a 100 mil kwanzas, a partir da data estabelecida, t\u00eam mais 12 meses para faz\u00ea-lo, depois da situa\u00e7\u00e3o que impossibilita ser confirmada pelo Grupo T\u00e9cnico de Evolu\u00e7\u00e3o do Sal\u00e1rio M\u00ednimo Nacional, conforme anunciado ontem, em Luanda, pelo director nacional do Trabalho, Blanche Chendovava. [&hellip;]<\/p>\n","protected":false},"author":3,"featured_media":1766,"comment_status":"open","ping_status":"open","sticky":false,"template":"","format":"standard","meta":{"footnotes":""},"categories":[1],"tags":[302,22,301],"class_list":["post-1765","post","type-post","status-publish","format-standard","has-post-thumbnail","hentry","category-uncategorized","tag-100milkwnzas","tag-destaque","tag-salario-minimo-2"],"blocksy_meta":[],"_links":{"self":[{"href":"https:\/\/www.radiomais.ao\/index.php\/wp-json\/wp\/v2\/posts\/1765","targetHints":{"allow":["GET"]}}],"collection":[{"href":"https:\/\/www.radiomais.ao\/index.php\/wp-json\/wp\/v2\/posts"}],"about":[{"href":"https:\/\/www.radiomais.ao\/index.php\/wp-json\/wp\/v2\/types\/post"}],"author":[{"embeddable":true,"href":"https:\/\/www.radiomais.ao\/index.php\/wp-json\/wp\/v2\/users\/3"}],"replies":[{"embeddable":true,"href":"https:\/\/www.radiomais.ao\/index.php\/wp-json\/wp\/v2\/comments?post=1765"}],"version-history":[{"count":1,"href":"https:\/\/www.radiomais.ao\/index.php\/wp-json\/wp\/v2\/posts\/1765\/revisions"}],"predecessor-version":[{"id":1767,"href":"https:\/\/www.radiomais.ao\/index.php\/wp-json\/wp\/v2\/posts\/1765\/revisions\/1767"}],"wp:featuredmedia":[{"embeddable":true,"href":"https:\/\/www.radiomais.ao\/index.php\/wp-json\/wp\/v2\/media\/1766"}],"wp:attachment":[{"href":"https:\/\/www.radiomais.ao\/index.php\/wp-json\/wp\/v2\/media?parent=1765"}],"wp:term":[{"taxonomy":"category","embeddable":true,"href":"https:\/\/www.radiomais.ao\/index.php\/wp-json\/wp\/v2\/categories?post=1765"},{"taxonomy":"post_tag","embeddable":true,"href":"https:\/\/www.radiomais.ao\/index.php\/wp-json\/wp\/v2\/tags?post=1765"}],"curies":[{"name":"wp","href":"https:\/\/api.w.org\/{rel}","templated":true}]}}