{"id":1768,"date":"2025-08-27T11:23:22","date_gmt":"2025-08-27T10:23:22","guid":{"rendered":"https:\/\/www.radiomais.ao\/?p=1768"},"modified":"2025-08-27T11:23:22","modified_gmt":"2025-08-27T10:23:22","slug":"bengo-conta-com-fabrica-de-calcado","status":"publish","type":"post","link":"https:\/\/www.radiomais.ao\/index.php\/2025\/08\/27\/bengo-conta-com-fabrica-de-calcado\/","title":{"rendered":"Bengo conta com f\u00e1brica de cal\u00e7ado."},"content":{"rendered":"\n<p>Uma f\u00e1brica de cal\u00e7ado para mulheres, com capacidade para produzir dois mil pares por dia, foi inaugurada ontem no munic\u00edpio do Panguila, prov\u00edncia do Bengo, pela governadora local, Maria Nelumba. Fonte <strong><em><a href=\"https:\/\/www.opais.ao\/economia\/bengo-conta-com-fabrica-de-calcado\/\">Opa\u00eds<\/a><\/em><\/strong><\/p>\n","protected":false},"excerpt":{"rendered":"<p>Uma f\u00e1brica de cal\u00e7ado para mulheres, com capacidade para produzir dois mil pares por dia, foi inaugurada ontem no munic\u00edpio do Panguila, prov\u00edncia do Bengo, pela governadora local, Maria Nelumba. Fonte Opa\u00eds<\/p>\n","protected":false},"author":3,"featured_media":1769,"comment_status":"open","ping_status":"open","sticky":false,"template":"","format":"standard","meta":{"footnotes":""},"categories":[16],"tags":[304,303],"class_list":["post-1768","post","type-post","status-publish","format-standard","has-post-thumbnail","hentry","category-actualidade","tag-bengo","tag-fabrica"],"blocksy_meta":[],"_links":{"self":[{"href":"https:\/\/www.radiomais.ao\/index.php\/wp-json\/wp\/v2\/posts\/1768","targetHints":{"allow":["GET"]}}],"collection":[{"href":"https:\/\/www.radiomais.ao\/index.php\/wp-json\/wp\/v2\/posts"}],"about":[{"href":"https:\/\/www.radiomais.ao\/index.php\/wp-json\/wp\/v2\/types\/post"}],"author":[{"embeddable":true,"href":"https:\/\/www.radiomais.ao\/index.php\/wp-json\/wp\/v2\/users\/3"}],"replies":[{"embeddable":true,"href":"https:\/\/www.radiomais.ao\/index.php\/wp-json\/wp\/v2\/comments?post=1768"}],"version-history":[{"count":1,"href":"https:\/\/www.radiomais.ao\/index.php\/wp-json\/wp\/v2\/posts\/1768\/revisions"}],"predecessor-version":[{"id":1770,"href":"https:\/\/www.radiomais.ao\/index.php\/wp-json\/wp\/v2\/posts\/1768\/revisions\/1770"}],"wp:featuredmedia":[{"embeddable":true,"href":"https:\/\/www.radiomais.ao\/index.php\/wp-json\/wp\/v2\/media\/1769"}],"wp:attachment":[{"href":"https:\/\/www.radiomais.ao\/index.php\/wp-json\/wp\/v2\/media?parent=1768"}],"wp:term":[{"taxonomy":"category","embeddable":true,"href":"https:\/\/www.radiomais.ao\/index.php\/wp-json\/wp\/v2\/categories?post=1768"},{"taxonomy":"post_tag","embeddable":true,"href":"https:\/\/www.radiomais.ao\/index.php\/wp-json\/wp\/v2\/tags?post=1768"}],"curies":[{"name":"wp","href":"https:\/\/api.w.org\/{rel}","templated":true}]}}