{"id":1774,"date":"2025-08-28T12:58:41","date_gmt":"2025-08-28T11:58:41","guid":{"rendered":"https:\/\/www.radiomais.ao\/?p=1774"},"modified":"2025-08-28T12:58:41","modified_gmt":"2025-08-28T11:58:41","slug":"executivo-propoe-reducao-da-validade-do-passaporte-ordinario-para-10-anos","status":"publish","type":"post","link":"https:\/\/www.radiomais.ao\/index.php\/2025\/08\/28\/executivo-propoe-reducao-da-validade-do-passaporte-ordinario-para-10-anos\/","title":{"rendered":"Executivo prop\u00f5e redu\u00e7\u00e3o da validade do passaporte ordin\u00e1rio para 10 anos."},"content":{"rendered":"\n<p><strong>Na nova proposta de lei que altera a lei do Passaporte Angolano e do regime de sa\u00edda e Entrada dos Cidad\u00e3os Nacionais, o tempo de validade do passaporte para menores de zero a tr\u00eas anos, bem como o do passaporte diplom\u00e1tico, passar\u00e1 a ser de tr\u00eas anos<\/strong>. Fonte <strong><em><a href=\"https:\/\/www.opais.ao\/politica\/executivo-propoe-reducao-da-validade-do-passaporte-ordinario-para-10-anos\/\">Opa\u00eds<\/a><\/em><\/strong><\/p>\n","protected":false},"excerpt":{"rendered":"<p>Na nova proposta de lei que altera a lei do Passaporte Angolano e do regime de sa\u00edda e Entrada dos Cidad\u00e3os Nacionais, o tempo de validade do passaporte para menores de zero a tr\u00eas anos, bem como o do passaporte diplom\u00e1tico, passar\u00e1 a ser de tr\u00eas anos. Fonte Opa\u00eds<\/p>\n","protected":false},"author":3,"featured_media":1775,"comment_status":"open","ping_status":"open","sticky":false,"template":"","format":"standard","meta":{"footnotes":""},"categories":[16],"tags":[306,307,308],"class_list":["post-1774","post","type-post","status-publish","format-standard","has-post-thumbnail","hentry","category-actualidade","tag-passaporte","tag-reducao","tag-validade"],"blocksy_meta":[],"_links":{"self":[{"href":"https:\/\/www.radiomais.ao\/index.php\/wp-json\/wp\/v2\/posts\/1774","targetHints":{"allow":["GET"]}}],"collection":[{"href":"https:\/\/www.radiomais.ao\/index.php\/wp-json\/wp\/v2\/posts"}],"about":[{"href":"https:\/\/www.radiomais.ao\/index.php\/wp-json\/wp\/v2\/types\/post"}],"author":[{"embeddable":true,"href":"https:\/\/www.radiomais.ao\/index.php\/wp-json\/wp\/v2\/users\/3"}],"replies":[{"embeddable":true,"href":"https:\/\/www.radiomais.ao\/index.php\/wp-json\/wp\/v2\/comments?post=1774"}],"version-history":[{"count":1,"href":"https:\/\/www.radiomais.ao\/index.php\/wp-json\/wp\/v2\/posts\/1774\/revisions"}],"predecessor-version":[{"id":1776,"href":"https:\/\/www.radiomais.ao\/index.php\/wp-json\/wp\/v2\/posts\/1774\/revisions\/1776"}],"wp:featuredmedia":[{"embeddable":true,"href":"https:\/\/www.radiomais.ao\/index.php\/wp-json\/wp\/v2\/media\/1775"}],"wp:attachment":[{"href":"https:\/\/www.radiomais.ao\/index.php\/wp-json\/wp\/v2\/media?parent=1774"}],"wp:term":[{"taxonomy":"category","embeddable":true,"href":"https:\/\/www.radiomais.ao\/index.php\/wp-json\/wp\/v2\/categories?post=1774"},{"taxonomy":"post_tag","embeddable":true,"href":"https:\/\/www.radiomais.ao\/index.php\/wp-json\/wp\/v2\/tags?post=1774"}],"curies":[{"name":"wp","href":"https:\/\/api.w.org\/{rel}","templated":true}]}}