{"id":1780,"date":"2025-08-28T13:13:01","date_gmt":"2025-08-28T12:13:01","guid":{"rendered":"https:\/\/www.radiomais.ao\/?p=1780"},"modified":"2025-08-28T13:13:01","modified_gmt":"2025-08-28T12:13:01","slug":"governo-preve-atingir-30-milhoes-de-toneladas-de-alimentos-ate-final-deste-ano","status":"publish","type":"post","link":"https:\/\/www.radiomais.ao\/index.php\/2025\/08\/28\/governo-preve-atingir-30-milhoes-de-toneladas-de-alimentos-ate-final-deste-ano\/","title":{"rendered":"Governo prev\u00ea atingir 30 milh\u00f5es de toneladas de alimentos at\u00e9 final deste ano."},"content":{"rendered":"\n<p><strong>Atingir at\u00e9 final deste ano cerca de 30 milh\u00f5es de toneladas de bens essenciais que comp\u00f5em a cesta b\u00e1sica, das 33 milh\u00f5es de toneladas que o pa\u00eds necessita para o consumo nacional, \u00e9 o principal objectivo do Executivo neste ano, para fortalecer a ind\u00fastria alimentar<\/strong>. Fonte <strong><em><a href=\"https:\/\/www.opais.ao\/economia\/governo-preve-atingir-30-milhoes-de-toneladas-de-alimentos-ate-final-deste-ano\/\">Opais<\/a><\/em><\/strong><\/p>\n","protected":false},"excerpt":{"rendered":"<p>Atingir at\u00e9 final deste ano cerca de 30 milh\u00f5es de toneladas de bens essenciais que comp\u00f5em a cesta b\u00e1sica, das 33 milh\u00f5es de toneladas que o pa\u00eds necessita para o consumo nacional, \u00e9 o principal objectivo do Executivo neste ano, para fortalecer a ind\u00fastria alimentar. Fonte Opais<\/p>\n","protected":false},"author":3,"featured_media":1781,"comment_status":"open","ping_status":"open","sticky":false,"template":"","format":"standard","meta":{"footnotes":""},"categories":[16],"tags":[262,312],"class_list":["post-1780","post","type-post","status-publish","format-standard","has-post-thumbnail","hentry","category-actualidade","tag-alimentos","tag-governo"],"blocksy_meta":[],"_links":{"self":[{"href":"https:\/\/www.radiomais.ao\/index.php\/wp-json\/wp\/v2\/posts\/1780","targetHints":{"allow":["GET"]}}],"collection":[{"href":"https:\/\/www.radiomais.ao\/index.php\/wp-json\/wp\/v2\/posts"}],"about":[{"href":"https:\/\/www.radiomais.ao\/index.php\/wp-json\/wp\/v2\/types\/post"}],"author":[{"embeddable":true,"href":"https:\/\/www.radiomais.ao\/index.php\/wp-json\/wp\/v2\/users\/3"}],"replies":[{"embeddable":true,"href":"https:\/\/www.radiomais.ao\/index.php\/wp-json\/wp\/v2\/comments?post=1780"}],"version-history":[{"count":1,"href":"https:\/\/www.radiomais.ao\/index.php\/wp-json\/wp\/v2\/posts\/1780\/revisions"}],"predecessor-version":[{"id":1782,"href":"https:\/\/www.radiomais.ao\/index.php\/wp-json\/wp\/v2\/posts\/1780\/revisions\/1782"}],"wp:featuredmedia":[{"embeddable":true,"href":"https:\/\/www.radiomais.ao\/index.php\/wp-json\/wp\/v2\/media\/1781"}],"wp:attachment":[{"href":"https:\/\/www.radiomais.ao\/index.php\/wp-json\/wp\/v2\/media?parent=1780"}],"wp:term":[{"taxonomy":"category","embeddable":true,"href":"https:\/\/www.radiomais.ao\/index.php\/wp-json\/wp\/v2\/categories?post=1780"},{"taxonomy":"post_tag","embeddable":true,"href":"https:\/\/www.radiomais.ao\/index.php\/wp-json\/wp\/v2\/tags?post=1780"}],"curies":[{"name":"wp","href":"https:\/\/api.w.org\/{rel}","templated":true}]}}