{"id":1783,"date":"2025-08-28T13:17:41","date_gmt":"2025-08-28T12:17:41","guid":{"rendered":"https:\/\/www.radiomais.ao\/?p=1783"},"modified":"2025-08-28T13:17:41","modified_gmt":"2025-08-28T12:17:41","slug":"surtos-de-sarampo-e-colera-preocupam-autoridades-em-viana","status":"publish","type":"post","link":"https:\/\/www.radiomais.ao\/index.php\/2025\/08\/28\/surtos-de-sarampo-e-colera-preocupam-autoridades-em-viana\/","title":{"rendered":"Surtos de sarampo e c\u00f3lera preocupam autoridades em Viana."},"content":{"rendered":"\n<p>As autoridades de sa\u00fade do munic\u00edpio de Viana, em Luanda, registraram 280 casos de sarampo e 80 casos de c\u00f3lera de janeiro a agosto deste ano. A informa\u00e7\u00e3o foi divulgada por Rosa Manuel, diretora local da Sa\u00fade. Fonte <strong><em><a href=\"https:\/\/www.opais.ao\/sociedade\/surtos-de-sarampo-e-colera-preocupam-autoridades-em-viana\/\">Opa\u00eds<\/a><\/em><\/strong><\/p>\n","protected":false},"excerpt":{"rendered":"<p>As autoridades de sa\u00fade do munic\u00edpio de Viana, em Luanda, registraram 280 casos de sarampo e 80 casos de c\u00f3lera de janeiro a agosto deste ano. A informa\u00e7\u00e3o foi divulgada por Rosa Manuel, diretora local da Sa\u00fade. Fonte Opa\u00eds<\/p>\n","protected":false},"author":3,"featured_media":1784,"comment_status":"open","ping_status":"open","sticky":false,"template":"","format":"standard","meta":{"footnotes":""},"categories":[16],"tags":[314,105,313,315],"class_list":["post-1783","post","type-post","status-publish","format-standard","has-post-thumbnail","hentry","category-actualidade","tag-colera","tag-sarampo","tag-surto","tag-viana"],"blocksy_meta":[],"_links":{"self":[{"href":"https:\/\/www.radiomais.ao\/index.php\/wp-json\/wp\/v2\/posts\/1783","targetHints":{"allow":["GET"]}}],"collection":[{"href":"https:\/\/www.radiomais.ao\/index.php\/wp-json\/wp\/v2\/posts"}],"about":[{"href":"https:\/\/www.radiomais.ao\/index.php\/wp-json\/wp\/v2\/types\/post"}],"author":[{"embeddable":true,"href":"https:\/\/www.radiomais.ao\/index.php\/wp-json\/wp\/v2\/users\/3"}],"replies":[{"embeddable":true,"href":"https:\/\/www.radiomais.ao\/index.php\/wp-json\/wp\/v2\/comments?post=1783"}],"version-history":[{"count":1,"href":"https:\/\/www.radiomais.ao\/index.php\/wp-json\/wp\/v2\/posts\/1783\/revisions"}],"predecessor-version":[{"id":1785,"href":"https:\/\/www.radiomais.ao\/index.php\/wp-json\/wp\/v2\/posts\/1783\/revisions\/1785"}],"wp:featuredmedia":[{"embeddable":true,"href":"https:\/\/www.radiomais.ao\/index.php\/wp-json\/wp\/v2\/media\/1784"}],"wp:attachment":[{"href":"https:\/\/www.radiomais.ao\/index.php\/wp-json\/wp\/v2\/media?parent=1783"}],"wp:term":[{"taxonomy":"category","embeddable":true,"href":"https:\/\/www.radiomais.ao\/index.php\/wp-json\/wp\/v2\/categories?post=1783"},{"taxonomy":"post_tag","embeddable":true,"href":"https:\/\/www.radiomais.ao\/index.php\/wp-json\/wp\/v2\/tags?post=1783"}],"curies":[{"name":"wp","href":"https:\/\/api.w.org\/{rel}","templated":true}]}}