{"id":1786,"date":"2025-08-28T13:22:00","date_gmt":"2025-08-28T12:22:00","guid":{"rendered":"https:\/\/www.radiomais.ao\/?p=1786"},"modified":"2025-08-28T13:22:00","modified_gmt":"2025-08-28T12:22:00","slug":"joao-baptista-borges-inaugura-hoje-dois-sistemas-de-abastecimento-de-agua-no-uige","status":"publish","type":"post","link":"https:\/\/www.radiomais.ao\/index.php\/2025\/08\/28\/joao-baptista-borges-inaugura-hoje-dois-sistemas-de-abastecimento-de-agua-no-uige\/","title":{"rendered":"Jo\u00e3o Baptista Borges inaugura hoje dois sistemas de abastecimento de \u00e1gua no U\u00edge."},"content":{"rendered":"\n<p>A prov\u00edncia do U\u00edge acolhe, o acto de inaugura\u00e7\u00e3o de dois sistemas de abastecimento de \u00e1gua pot\u00e1vel, localizados nos munic\u00edpios de Maquela do Zombo e Damba.O acto, a ser presidido pelo ministro da Energia e \u00c1guas, Jo\u00e3o Baptista Borges, prev\u00ea beneficiar v\u00e1rias popula\u00e7\u00f5es, com cerca de mil e duzentas liga\u00e7\u00f5es domiciliares em cada munic\u00edpio. Fonte <strong><em><a href=\"https:\/\/www.opais.ao\/sociedade\/joao-baptista-borges-inaugura-hoje-dois-sistemas-de-abastecimento-de-agua-no-uige\/\">Opa\u00eds<\/a><\/em><\/strong><\/p>\n","protected":false},"excerpt":{"rendered":"<p>A prov\u00edncia do U\u00edge acolhe, o acto de inaugura\u00e7\u00e3o de dois sistemas de abastecimento de \u00e1gua pot\u00e1vel, localizados nos munic\u00edpios de Maquela do Zombo e Damba.O acto, a ser presidido pelo ministro da Energia e \u00c1guas, Jo\u00e3o Baptista Borges, prev\u00ea beneficiar v\u00e1rias popula\u00e7\u00f5es, com cerca de mil e duzentas liga\u00e7\u00f5es domiciliares em cada munic\u00edpio. Fonte [&hellip;]<\/p>\n","protected":false},"author":3,"featured_media":1787,"comment_status":"open","ping_status":"open","sticky":false,"template":"","format":"standard","meta":{"footnotes":""},"categories":[16],"tags":[317,316,319,318],"class_list":["post-1786","post","type-post","status-publish","format-standard","has-post-thumbnail","hentry","category-actualidade","tag-inaugura","tag-joao-baptista","tag-no-uige","tag-sistemas-de-agua"],"blocksy_meta":[],"_links":{"self":[{"href":"https:\/\/www.radiomais.ao\/index.php\/wp-json\/wp\/v2\/posts\/1786","targetHints":{"allow":["GET"]}}],"collection":[{"href":"https:\/\/www.radiomais.ao\/index.php\/wp-json\/wp\/v2\/posts"}],"about":[{"href":"https:\/\/www.radiomais.ao\/index.php\/wp-json\/wp\/v2\/types\/post"}],"author":[{"embeddable":true,"href":"https:\/\/www.radiomais.ao\/index.php\/wp-json\/wp\/v2\/users\/3"}],"replies":[{"embeddable":true,"href":"https:\/\/www.radiomais.ao\/index.php\/wp-json\/wp\/v2\/comments?post=1786"}],"version-history":[{"count":1,"href":"https:\/\/www.radiomais.ao\/index.php\/wp-json\/wp\/v2\/posts\/1786\/revisions"}],"predecessor-version":[{"id":1788,"href":"https:\/\/www.radiomais.ao\/index.php\/wp-json\/wp\/v2\/posts\/1786\/revisions\/1788"}],"wp:featuredmedia":[{"embeddable":true,"href":"https:\/\/www.radiomais.ao\/index.php\/wp-json\/wp\/v2\/media\/1787"}],"wp:attachment":[{"href":"https:\/\/www.radiomais.ao\/index.php\/wp-json\/wp\/v2\/media?parent=1786"}],"wp:term":[{"taxonomy":"category","embeddable":true,"href":"https:\/\/www.radiomais.ao\/index.php\/wp-json\/wp\/v2\/categories?post=1786"},{"taxonomy":"post_tag","embeddable":true,"href":"https:\/\/www.radiomais.ao\/index.php\/wp-json\/wp\/v2\/tags?post=1786"}],"curies":[{"name":"wp","href":"https:\/\/api.w.org\/{rel}","templated":true}]}}