{"id":1789,"date":"2025-08-28T13:28:07","date_gmt":"2025-08-28T12:28:07","guid":{"rendered":"https:\/\/www.radiomais.ao\/?p=1789"},"modified":"2025-08-28T13:28:07","modified_gmt":"2025-08-28T12:28:07","slug":"exames-nacionais-registam-715-reclamacoes","status":"publish","type":"post","link":"https:\/\/www.radiomais.ao\/index.php\/2025\/08\/28\/exames-nacionais-registam-715-reclamacoes\/","title":{"rendered":"Exames Nacionais registam 715 reclama\u00e7\u00f5es."},"content":{"rendered":"\n<p><strong>O presidente do j\u00fari dos Exames Nacionais, Lu\u00eds Val\u00e9rio, disse, em confer\u00eancia de imprensa realizada recentemente, que receberam um total de 715 reclama\u00e7\u00f5es por parte de alunos e encarregados de educa\u00e7\u00e3o ap\u00f3s a divulga\u00e7\u00e3o dos resultados<\/strong>. Fonte<strong><em><a href=\"https:\/\/www.opais.ao\/sociedade\/exames-nacionais-registam-715-reclamacoes\/\"> Opa\u00eds<\/a><\/em><\/strong><\/p>\n","protected":false},"excerpt":{"rendered":"<p>O presidente do j\u00fari dos Exames Nacionais, Lu\u00eds Val\u00e9rio, disse, em confer\u00eancia de imprensa realizada recentemente, que receberam um total de 715 reclama\u00e7\u00f5es por parte de alunos e encarregados de educa\u00e7\u00e3o ap\u00f3s a divulga\u00e7\u00e3o dos resultados. Fonte Opa\u00eds<\/p>\n","protected":false},"author":3,"featured_media":1790,"comment_status":"open","ping_status":"open","sticky":false,"template":"","format":"standard","meta":{"footnotes":""},"categories":[16],"tags":[320,321],"class_list":["post-1789","post","type-post","status-publish","format-standard","has-post-thumbnail","hentry","category-actualidade","tag-exames","tag-nacinais"],"blocksy_meta":[],"_links":{"self":[{"href":"https:\/\/www.radiomais.ao\/index.php\/wp-json\/wp\/v2\/posts\/1789","targetHints":{"allow":["GET"]}}],"collection":[{"href":"https:\/\/www.radiomais.ao\/index.php\/wp-json\/wp\/v2\/posts"}],"about":[{"href":"https:\/\/www.radiomais.ao\/index.php\/wp-json\/wp\/v2\/types\/post"}],"author":[{"embeddable":true,"href":"https:\/\/www.radiomais.ao\/index.php\/wp-json\/wp\/v2\/users\/3"}],"replies":[{"embeddable":true,"href":"https:\/\/www.radiomais.ao\/index.php\/wp-json\/wp\/v2\/comments?post=1789"}],"version-history":[{"count":1,"href":"https:\/\/www.radiomais.ao\/index.php\/wp-json\/wp\/v2\/posts\/1789\/revisions"}],"predecessor-version":[{"id":1791,"href":"https:\/\/www.radiomais.ao\/index.php\/wp-json\/wp\/v2\/posts\/1789\/revisions\/1791"}],"wp:featuredmedia":[{"embeddable":true,"href":"https:\/\/www.radiomais.ao\/index.php\/wp-json\/wp\/v2\/media\/1790"}],"wp:attachment":[{"href":"https:\/\/www.radiomais.ao\/index.php\/wp-json\/wp\/v2\/media?parent=1789"}],"wp:term":[{"taxonomy":"category","embeddable":true,"href":"https:\/\/www.radiomais.ao\/index.php\/wp-json\/wp\/v2\/categories?post=1789"},{"taxonomy":"post_tag","embeddable":true,"href":"https:\/\/www.radiomais.ao\/index.php\/wp-json\/wp\/v2\/tags?post=1789"}],"curies":[{"name":"wp","href":"https:\/\/api.w.org\/{rel}","templated":true}]}}