{"id":1792,"date":"2025-08-28T13:32:19","date_gmt":"2025-08-28T12:32:19","guid":{"rendered":"https:\/\/www.radiomais.ao\/?p=1792"},"modified":"2025-08-28T13:32:19","modified_gmt":"2025-08-28T12:32:19","slug":"livro-de-auto-ajuda-educacional-para-as-familias-e-lancado-no-namibe","status":"publish","type":"post","link":"https:\/\/www.radiomais.ao\/index.php\/2025\/08\/28\/livro-de-auto-ajuda-educacional-para-as-familias-e-lancado-no-namibe\/","title":{"rendered":"Livro de auto-ajuda educacional para as fam\u00edlias \u00e9 lan\u00e7ado no Namibe."},"content":{"rendered":"\n<p>.<\/p>\n\n\n\n<p>O lan\u00e7amento, venda e sess\u00e3o de aut\u00f3grafos do livro intitulado \u201cNas ondas do pensamento de uma crian\u00e7a \u2013 um guia educativo para crian\u00e7as e adultos\u201d ser\u00e1 realizado nesta quintafeira, 28, a partir das 15 horas, no anfiteatro do Complexo Escolar Nossa Senhora de F\u00e1tima, na cidade de Mo\u00e7\u00e2medes, prov\u00edncia do Namibe. Fonte <strong><em><a href=\"https:\/\/www.opais.ao\/cultura\/livro-de-auto-ajuda-educacional-para-as-familias-e-lancado-no-namibe\/\">Opa\u00eds<\/a><\/em><\/strong><\/p>\n","protected":false},"excerpt":{"rendered":"<p>. O lan\u00e7amento, venda e sess\u00e3o de aut\u00f3grafos do livro intitulado \u201cNas ondas do pensamento de uma crian\u00e7a \u2013 um guia educativo para crian\u00e7as e adultos\u201d ser\u00e1 realizado nesta quintafeira, 28, a partir das 15 horas, no anfiteatro do Complexo Escolar Nossa Senhora de F\u00e1tima, na cidade de Mo\u00e7\u00e2medes, prov\u00edncia do Namibe. Fonte Opa\u00eds<\/p>\n","protected":false},"author":3,"featured_media":1793,"comment_status":"open","ping_status":"open","sticky":false,"template":"","format":"standard","meta":{"footnotes":""},"categories":[16],"tags":[323,296,322],"class_list":["post-1792","post","type-post","status-publish","format-standard","has-post-thumbnail","hentry","category-actualidade","tag-autoajuda","tag-cultura","tag-livro"],"blocksy_meta":[],"_links":{"self":[{"href":"https:\/\/www.radiomais.ao\/index.php\/wp-json\/wp\/v2\/posts\/1792","targetHints":{"allow":["GET"]}}],"collection":[{"href":"https:\/\/www.radiomais.ao\/index.php\/wp-json\/wp\/v2\/posts"}],"about":[{"href":"https:\/\/www.radiomais.ao\/index.php\/wp-json\/wp\/v2\/types\/post"}],"author":[{"embeddable":true,"href":"https:\/\/www.radiomais.ao\/index.php\/wp-json\/wp\/v2\/users\/3"}],"replies":[{"embeddable":true,"href":"https:\/\/www.radiomais.ao\/index.php\/wp-json\/wp\/v2\/comments?post=1792"}],"version-history":[{"count":1,"href":"https:\/\/www.radiomais.ao\/index.php\/wp-json\/wp\/v2\/posts\/1792\/revisions"}],"predecessor-version":[{"id":1794,"href":"https:\/\/www.radiomais.ao\/index.php\/wp-json\/wp\/v2\/posts\/1792\/revisions\/1794"}],"wp:featuredmedia":[{"embeddable":true,"href":"https:\/\/www.radiomais.ao\/index.php\/wp-json\/wp\/v2\/media\/1793"}],"wp:attachment":[{"href":"https:\/\/www.radiomais.ao\/index.php\/wp-json\/wp\/v2\/media?parent=1792"}],"wp:term":[{"taxonomy":"category","embeddable":true,"href":"https:\/\/www.radiomais.ao\/index.php\/wp-json\/wp\/v2\/categories?post=1792"},{"taxonomy":"post_tag","embeddable":true,"href":"https:\/\/www.radiomais.ao\/index.php\/wp-json\/wp\/v2\/tags?post=1792"}],"curies":[{"name":"wp","href":"https:\/\/api.w.org\/{rel}","templated":true}]}}