{"id":1803,"date":"2025-08-29T14:20:05","date_gmt":"2025-08-29T13:20:05","guid":{"rendered":"https:\/\/www.radiomais.ao\/?p=1803"},"modified":"2025-08-29T14:20:05","modified_gmt":"2025-08-29T13:20:05","slug":"joao-lourenco-quer-maior-engajamento-na-formacao-do-capital-humano-do-pais","status":"publish","type":"post","link":"https:\/\/www.radiomais.ao\/index.php\/2025\/08\/29\/joao-lourenco-quer-maior-engajamento-na-formacao-do-capital-humano-do-pais\/","title":{"rendered":"Jo\u00e3o Louren\u00e7o quer maior engajamento na forma\u00e7\u00e3o do Capital Humano do pa\u00eds."},"content":{"rendered":"\n<p>O Presidente demostrou a necessidade de maior engajamento na forma\u00e7\u00e3o do capital humano, durante a confer\u00eancia Nacional sobre o Capital Humano que decorre de 29 a 30 deste m\u00eas. Fonte <strong><em><a href=\"https:\/\/www.opais.ao\/politica\/joao-lourenco-quer-maior-engajamento-na-formacao-do-capital-humano-do-pais\/\">Opa\u00eds<\/a><\/em><\/strong><\/p>\n","protected":false},"excerpt":{"rendered":"<p>O Presidente demostrou a necessidade de maior engajamento na forma\u00e7\u00e3o do capital humano, durante a confer\u00eancia Nacional sobre o Capital Humano que decorre de 29 a 30 deste m\u00eas. Fonte Opa\u00eds<\/p>\n","protected":false},"author":3,"featured_media":1804,"comment_status":"open","ping_status":"open","sticky":false,"template":"","format":"standard","meta":{"footnotes":""},"categories":[16],"tags":[328,329,132],"class_list":["post-1803","post","type-post","status-publish","format-standard","has-post-thumbnail","hentry","category-actualidade","tag-capital-humano","tag-engajamento","tag-pr"],"blocksy_meta":[],"_links":{"self":[{"href":"https:\/\/www.radiomais.ao\/index.php\/wp-json\/wp\/v2\/posts\/1803","targetHints":{"allow":["GET"]}}],"collection":[{"href":"https:\/\/www.radiomais.ao\/index.php\/wp-json\/wp\/v2\/posts"}],"about":[{"href":"https:\/\/www.radiomais.ao\/index.php\/wp-json\/wp\/v2\/types\/post"}],"author":[{"embeddable":true,"href":"https:\/\/www.radiomais.ao\/index.php\/wp-json\/wp\/v2\/users\/3"}],"replies":[{"embeddable":true,"href":"https:\/\/www.radiomais.ao\/index.php\/wp-json\/wp\/v2\/comments?post=1803"}],"version-history":[{"count":1,"href":"https:\/\/www.radiomais.ao\/index.php\/wp-json\/wp\/v2\/posts\/1803\/revisions"}],"predecessor-version":[{"id":1805,"href":"https:\/\/www.radiomais.ao\/index.php\/wp-json\/wp\/v2\/posts\/1803\/revisions\/1805"}],"wp:featuredmedia":[{"embeddable":true,"href":"https:\/\/www.radiomais.ao\/index.php\/wp-json\/wp\/v2\/media\/1804"}],"wp:attachment":[{"href":"https:\/\/www.radiomais.ao\/index.php\/wp-json\/wp\/v2\/media?parent=1803"}],"wp:term":[{"taxonomy":"category","embeddable":true,"href":"https:\/\/www.radiomais.ao\/index.php\/wp-json\/wp\/v2\/categories?post=1803"},{"taxonomy":"post_tag","embeddable":true,"href":"https:\/\/www.radiomais.ao\/index.php\/wp-json\/wp\/v2\/tags?post=1803"}],"curies":[{"name":"wp","href":"https:\/\/api.w.org\/{rel}","templated":true}]}}