{"id":1815,"date":"2025-08-29T14:33:28","date_gmt":"2025-08-29T13:33:28","guid":{"rendered":"https:\/\/www.radiomais.ao\/?p=1815"},"modified":"2025-08-29T14:33:28","modified_gmt":"2025-08-29T13:33:28","slug":"cidadao-em-posse-ilegal-de-75-pedras-de-diamantes-a-contas-com-a-justica-na-lunda-norte","status":"publish","type":"post","link":"https:\/\/www.radiomais.ao\/index.php\/2025\/08\/29\/cidadao-em-posse-ilegal-de-75-pedras-de-diamantes-a-contas-com-a-justica-na-lunda-norte\/","title":{"rendered":"Cidad\u00e3o em posse ilegal de 75 pedras de diamantes a contas com a justi\u00e7a na Lunda-Norte."},"content":{"rendered":"\n<p>O suspeito, de 43 anos, foi flagrado e detido no interior de uma resid\u00eancia, onde o Servi\u00e7o de Investiga\u00e7\u00e3o Criminal encontrou e apreendeu, al\u00e9m dos diamantes, diversos materiais usados no tr\u00e1fico, como uma balan\u00e7a, tr\u00eas calculadoras, uma lupa e uma pin\u00e7a, al\u00e9m de 4.300 d\u00f3lares americanos e 224.000 kwanzas. Fonte <strong><em><a href=\"https:\/\/www.opais.ao\/sociedade\/cidadao-em-posse-ilegal-de-75-pedras-de-diamantes-a-contas-com-a-justica-na-lunda-norte\/\">Opa\u00eds<\/a><\/em><\/strong><\/p>\n","protected":false},"excerpt":{"rendered":"<p>O suspeito, de 43 anos, foi flagrado e detido no interior de uma resid\u00eancia, onde o Servi\u00e7o de Investiga\u00e7\u00e3o Criminal encontrou e apreendeu, al\u00e9m dos diamantes, diversos materiais usados no tr\u00e1fico, como uma balan\u00e7a, tr\u00eas calculadoras, uma lupa e uma pin\u00e7a, al\u00e9m de 4.300 d\u00f3lares americanos e 224.000 kwanzas. Fonte Opa\u00eds<\/p>\n","protected":false},"author":3,"featured_media":1816,"comment_status":"open","ping_status":"open","sticky":false,"template":"","format":"standard","meta":{"footnotes":""},"categories":[16],"tags":[341,339,340],"class_list":["post-1815","post","type-post","status-publish","format-standard","has-post-thumbnail","hentry","category-actualidade","tag-cidadao","tag-diamantes","tag-ilegal"],"blocksy_meta":[],"_links":{"self":[{"href":"https:\/\/www.radiomais.ao\/index.php\/wp-json\/wp\/v2\/posts\/1815","targetHints":{"allow":["GET"]}}],"collection":[{"href":"https:\/\/www.radiomais.ao\/index.php\/wp-json\/wp\/v2\/posts"}],"about":[{"href":"https:\/\/www.radiomais.ao\/index.php\/wp-json\/wp\/v2\/types\/post"}],"author":[{"embeddable":true,"href":"https:\/\/www.radiomais.ao\/index.php\/wp-json\/wp\/v2\/users\/3"}],"replies":[{"embeddable":true,"href":"https:\/\/www.radiomais.ao\/index.php\/wp-json\/wp\/v2\/comments?post=1815"}],"version-history":[{"count":1,"href":"https:\/\/www.radiomais.ao\/index.php\/wp-json\/wp\/v2\/posts\/1815\/revisions"}],"predecessor-version":[{"id":1817,"href":"https:\/\/www.radiomais.ao\/index.php\/wp-json\/wp\/v2\/posts\/1815\/revisions\/1817"}],"wp:featuredmedia":[{"embeddable":true,"href":"https:\/\/www.radiomais.ao\/index.php\/wp-json\/wp\/v2\/media\/1816"}],"wp:attachment":[{"href":"https:\/\/www.radiomais.ao\/index.php\/wp-json\/wp\/v2\/media?parent=1815"}],"wp:term":[{"taxonomy":"category","embeddable":true,"href":"https:\/\/www.radiomais.ao\/index.php\/wp-json\/wp\/v2\/categories?post=1815"},{"taxonomy":"post_tag","embeddable":true,"href":"https:\/\/www.radiomais.ao\/index.php\/wp-json\/wp\/v2\/tags?post=1815"}],"curies":[{"name":"wp","href":"https:\/\/api.w.org\/{rel}","templated":true}]}}