{"id":1818,"date":"2025-08-29T14:36:11","date_gmt":"2025-08-29T13:36:11","guid":{"rendered":"https:\/\/www.radiomais.ao\/?p=1818"},"modified":"2025-08-29T14:36:11","modified_gmt":"2025-08-29T13:36:11","slug":"anderson-mario-realiza-primeiro-show-na-sua-terra-natal-huambo","status":"publish","type":"post","link":"https:\/\/www.radiomais.ao\/index.php\/2025\/08\/29\/anderson-mario-realiza-primeiro-show-na-sua-terra-natal-huambo\/","title":{"rendered":"Anderson M\u00e1rio realiza primeiro show na sua terra natal, Huambo."},"content":{"rendered":"\n<p>Pela primeira vez, o m\u00fasico Anderson M\u00e1rio vai realizar um concerto musical na sua terra natal, Huambo. O concerto acontece amanh\u00e3, a partir das 20h00, no Pavilh\u00e3o Osvaldo Serra VanD\u00fanem, na cidade do Huambo, local em que o artista nasceu h\u00e1 sensivelmente 27 anos. Fonte <strong><em><a href=\"https:\/\/www.opais.ao\/cultura\/anderson-mario-realiza-primeiro-show-na-sua-terra-natal-huambo\/\">Opa\u00eds<\/a><\/em><\/strong><\/p>\n","protected":false},"excerpt":{"rendered":"<p>Pela primeira vez, o m\u00fasico Anderson M\u00e1rio vai realizar um concerto musical na sua terra natal, Huambo. O concerto acontece amanh\u00e3, a partir das 20h00, no Pavilh\u00e3o Osvaldo Serra VanD\u00fanem, na cidade do Huambo, local em que o artista nasceu h\u00e1 sensivelmente 27 anos. Fonte Opa\u00eds<\/p>\n","protected":false},"author":3,"featured_media":1819,"comment_status":"open","ping_status":"open","sticky":false,"template":"","format":"standard","meta":{"footnotes":""},"categories":[16],"tags":[342,92,343],"class_list":["post-1818","post","type-post","status-publish","format-standard","has-post-thumbnail","hentry","category-actualidade","tag-anderson-mario","tag-huambo","tag-show"],"blocksy_meta":[],"_links":{"self":[{"href":"https:\/\/www.radiomais.ao\/index.php\/wp-json\/wp\/v2\/posts\/1818","targetHints":{"allow":["GET"]}}],"collection":[{"href":"https:\/\/www.radiomais.ao\/index.php\/wp-json\/wp\/v2\/posts"}],"about":[{"href":"https:\/\/www.radiomais.ao\/index.php\/wp-json\/wp\/v2\/types\/post"}],"author":[{"embeddable":true,"href":"https:\/\/www.radiomais.ao\/index.php\/wp-json\/wp\/v2\/users\/3"}],"replies":[{"embeddable":true,"href":"https:\/\/www.radiomais.ao\/index.php\/wp-json\/wp\/v2\/comments?post=1818"}],"version-history":[{"count":1,"href":"https:\/\/www.radiomais.ao\/index.php\/wp-json\/wp\/v2\/posts\/1818\/revisions"}],"predecessor-version":[{"id":1820,"href":"https:\/\/www.radiomais.ao\/index.php\/wp-json\/wp\/v2\/posts\/1818\/revisions\/1820"}],"wp:featuredmedia":[{"embeddable":true,"href":"https:\/\/www.radiomais.ao\/index.php\/wp-json\/wp\/v2\/media\/1819"}],"wp:attachment":[{"href":"https:\/\/www.radiomais.ao\/index.php\/wp-json\/wp\/v2\/media?parent=1818"}],"wp:term":[{"taxonomy":"category","embeddable":true,"href":"https:\/\/www.radiomais.ao\/index.php\/wp-json\/wp\/v2\/categories?post=1818"},{"taxonomy":"post_tag","embeddable":true,"href":"https:\/\/www.radiomais.ao\/index.php\/wp-json\/wp\/v2\/tags?post=1818"}],"curies":[{"name":"wp","href":"https:\/\/api.w.org\/{rel}","templated":true}]}}