{"id":1821,"date":"2025-08-29T14:41:03","date_gmt":"2025-08-29T13:41:03","guid":{"rendered":"https:\/\/www.radiomais.ao\/?p=1821"},"modified":"2025-08-29T14:41:03","modified_gmt":"2025-08-29T13:41:03","slug":"jose-eduardo-dos-santos-tres-anos-de-lembranca-do-bom-patriota","status":"publish","type":"post","link":"https:\/\/www.radiomais.ao\/index.php\/2025\/08\/29\/jose-eduardo-dos-santos-tres-anos-de-lembranca-do-bom-patriota\/","title":{"rendered":"Jos\u00e9 Eduardo dos Santos: Tr\u00eas anos de lembran\u00e7a do \u201cbom patriota\u201d."},"content":{"rendered":"\n<p><strong>Jos\u00e9 Eduardo dos Santos, que se estivesse vivo assinalava 83 anos, foi recordado ontem, em missa de tr\u00eas anos da sua morte, com carinho e bastante respeito como pai, irm\u00e3o, marido, amigo e, sobretudo, como \u201cbom patriota\u201d que o pa\u00eds viu nascer e que fez da paz uma das suas causas mais nobres, cujos angolanos s\u00e3o gratos eternamente<\/strong>. Fonte <strong><em><a href=\"https:\/\/www.opais.ao\/politica\/jose-eduardo-dos-santos-tres-anos-de-lembranca-do-bom-patriota\/\">Opa\u00eds<\/a><\/em><\/strong><\/p>\n\n\n\n<p><\/p>\n","protected":false},"excerpt":{"rendered":"<p>Jos\u00e9 Eduardo dos Santos, que se estivesse vivo assinalava 83 anos, foi recordado ontem, em missa de tr\u00eas anos da sua morte, com carinho e bastante respeito como pai, irm\u00e3o, marido, amigo e, sobretudo, como \u201cbom patriota\u201d que o pa\u00eds viu nascer e que fez da paz uma das suas causas mais nobres, cujos angolanos [&hellip;]<\/p>\n","protected":false},"author":3,"featured_media":1822,"comment_status":"open","ping_status":"open","sticky":false,"template":"","format":"standard","meta":{"footnotes":""},"categories":[16],"tags":[345,346,344],"class_list":["post-1821","post","type-post","status-publish","format-standard","has-post-thumbnail","hentry","category-actualidade","tag-3-anos","tag-lembrancas","tag-ze-du"],"blocksy_meta":[],"_links":{"self":[{"href":"https:\/\/www.radiomais.ao\/index.php\/wp-json\/wp\/v2\/posts\/1821","targetHints":{"allow":["GET"]}}],"collection":[{"href":"https:\/\/www.radiomais.ao\/index.php\/wp-json\/wp\/v2\/posts"}],"about":[{"href":"https:\/\/www.radiomais.ao\/index.php\/wp-json\/wp\/v2\/types\/post"}],"author":[{"embeddable":true,"href":"https:\/\/www.radiomais.ao\/index.php\/wp-json\/wp\/v2\/users\/3"}],"replies":[{"embeddable":true,"href":"https:\/\/www.radiomais.ao\/index.php\/wp-json\/wp\/v2\/comments?post=1821"}],"version-history":[{"count":1,"href":"https:\/\/www.radiomais.ao\/index.php\/wp-json\/wp\/v2\/posts\/1821\/revisions"}],"predecessor-version":[{"id":1823,"href":"https:\/\/www.radiomais.ao\/index.php\/wp-json\/wp\/v2\/posts\/1821\/revisions\/1823"}],"wp:featuredmedia":[{"embeddable":true,"href":"https:\/\/www.radiomais.ao\/index.php\/wp-json\/wp\/v2\/media\/1822"}],"wp:attachment":[{"href":"https:\/\/www.radiomais.ao\/index.php\/wp-json\/wp\/v2\/media?parent=1821"}],"wp:term":[{"taxonomy":"category","embeddable":true,"href":"https:\/\/www.radiomais.ao\/index.php\/wp-json\/wp\/v2\/categories?post=1821"},{"taxonomy":"post_tag","embeddable":true,"href":"https:\/\/www.radiomais.ao\/index.php\/wp-json\/wp\/v2\/tags?post=1821"}],"curies":[{"name":"wp","href":"https:\/\/api.w.org\/{rel}","templated":true}]}}