{"id":1828,"date":"2025-08-29T14:52:32","date_gmt":"2025-08-29T13:52:32","guid":{"rendered":"https:\/\/www.radiomais.ao\/?p=1828"},"modified":"2025-08-29T14:52:32","modified_gmt":"2025-08-29T13:52:32","slug":"luanda-acolhe-a-partir-de-hoje-conferencia-nacional-sobre-capital-humano","status":"publish","type":"post","link":"https:\/\/www.radiomais.ao\/index.php\/2025\/08\/29\/luanda-acolhe-a-partir-de-hoje-conferencia-nacional-sobre-capital-humano\/","title":{"rendered":"Luanda acolhe a partir de hoje Confer\u00eancia Nacional sobre Capital Humano."},"content":{"rendered":"\n<p><strong>No quadro das celebra\u00e7\u00f5es do 50.\u00ba anivers\u00e1rio da independ\u00eancia nacional, Angola vai realizar, hoje e amanh\u00e3, S\u00e1bado, 30, a Confer\u00eancia Nacional sobre o Capital Humano, uma iniciativa presidencial que pretende debater os desafios e oportunidades ligados \u00e0 forma\u00e7\u00e3o e gest\u00e3o de quadros nacionais<\/strong>. Fonte <strong><em><a href=\"https:\/\/www.opais.ao\/sociedade\/luanda-acolhe-a-partir-de-hoje-conferencia-nacional-sobre-capital-humano\/\">Opa\u00eds<\/a><\/em><\/strong><\/p>\n","protected":false},"excerpt":{"rendered":"<p>No quadro das celebra\u00e7\u00f5es do 50.\u00ba anivers\u00e1rio da independ\u00eancia nacional, Angola vai realizar, hoje e amanh\u00e3, S\u00e1bado, 30, a Confer\u00eancia Nacional sobre o Capital Humano, uma iniciativa presidencial que pretende debater os desafios e oportunidades ligados \u00e0 forma\u00e7\u00e3o e gest\u00e3o de quadros nacionais. Fonte Opa\u00eds<\/p>\n","protected":false},"author":3,"featured_media":1829,"comment_status":"open","ping_status":"open","sticky":false,"template":"","format":"standard","meta":{"footnotes":""},"categories":[16],"tags":[350,349,351,87],"class_list":["post-1828","post","type-post","status-publish","format-standard","has-post-thumbnail","hentry","category-actualidade","tag-capital","tag-conferencia","tag-humano","tag-luanda"],"blocksy_meta":[],"_links":{"self":[{"href":"https:\/\/www.radiomais.ao\/index.php\/wp-json\/wp\/v2\/posts\/1828","targetHints":{"allow":["GET"]}}],"collection":[{"href":"https:\/\/www.radiomais.ao\/index.php\/wp-json\/wp\/v2\/posts"}],"about":[{"href":"https:\/\/www.radiomais.ao\/index.php\/wp-json\/wp\/v2\/types\/post"}],"author":[{"embeddable":true,"href":"https:\/\/www.radiomais.ao\/index.php\/wp-json\/wp\/v2\/users\/3"}],"replies":[{"embeddable":true,"href":"https:\/\/www.radiomais.ao\/index.php\/wp-json\/wp\/v2\/comments?post=1828"}],"version-history":[{"count":1,"href":"https:\/\/www.radiomais.ao\/index.php\/wp-json\/wp\/v2\/posts\/1828\/revisions"}],"predecessor-version":[{"id":1830,"href":"https:\/\/www.radiomais.ao\/index.php\/wp-json\/wp\/v2\/posts\/1828\/revisions\/1830"}],"wp:featuredmedia":[{"embeddable":true,"href":"https:\/\/www.radiomais.ao\/index.php\/wp-json\/wp\/v2\/media\/1829"}],"wp:attachment":[{"href":"https:\/\/www.radiomais.ao\/index.php\/wp-json\/wp\/v2\/media?parent=1828"}],"wp:term":[{"taxonomy":"category","embeddable":true,"href":"https:\/\/www.radiomais.ao\/index.php\/wp-json\/wp\/v2\/categories?post=1828"},{"taxonomy":"post_tag","embeddable":true,"href":"https:\/\/www.radiomais.ao\/index.php\/wp-json\/wp\/v2\/tags?post=1828"}],"curies":[{"name":"wp","href":"https:\/\/api.w.org\/{rel}","templated":true}]}}