{"id":1831,"date":"2025-09-01T10:59:10","date_gmt":"2025-09-01T09:59:10","guid":{"rendered":"https:\/\/www.radiomais.ao\/?p=1831"},"modified":"2025-09-01T10:59:10","modified_gmt":"2025-09-01T09:59:10","slug":"pr-inaugura-hoje-a-primeira-fase-da-refinaria-de-cabinda","status":"publish","type":"post","link":"https:\/\/www.radiomais.ao\/index.php\/2025\/09\/01\/pr-inaugura-hoje-a-primeira-fase-da-refinaria-de-cabinda\/","title":{"rendered":"Pr inaugura hoje a primeira fase da refinaria de Cabinda."},"content":{"rendered":"\n<p><strong>O Presidente da Rep\u00fablica, Jo\u00e3o Louren\u00e7o, inaugura hoje, em Cabinda, a primeira grande unidade de refina\u00e7\u00e3o constru\u00edda em Angola desde 1975, com capacidade para produzir, numa primeira fase, 30 mil barris de petr\u00f3leo por dia<\/strong>. Fonte <strong><em><a href=\"https:\/\/www.opais.ao\/sociedade\/pr-inaugura-hoje-a-primeira-fase-da-refinaria-de-cabinda\/\">Opa\u00eds<\/a><\/em><\/strong><\/p>\n","protected":false},"excerpt":{"rendered":"<p>O Presidente da Rep\u00fablica, Jo\u00e3o Louren\u00e7o, inaugura hoje, em Cabinda, a primeira grande unidade de refina\u00e7\u00e3o constru\u00edda em Angola desde 1975, com capacidade para produzir, numa primeira fase, 30 mil barris de petr\u00f3leo por dia. Fonte Opa\u00eds<\/p>\n","protected":false},"author":3,"featured_media":1832,"comment_status":"open","ping_status":"open","sticky":false,"template":"","format":"standard","meta":{"footnotes":""},"categories":[1],"tags":[353,137,22,352],"class_list":["post-1831","post","type-post","status-publish","format-standard","has-post-thumbnail","hentry","category-uncategorized","tag-1o-fase","tag-cabinda","tag-destaque","tag-rafinaria"],"blocksy_meta":[],"_links":{"self":[{"href":"https:\/\/www.radiomais.ao\/index.php\/wp-json\/wp\/v2\/posts\/1831","targetHints":{"allow":["GET"]}}],"collection":[{"href":"https:\/\/www.radiomais.ao\/index.php\/wp-json\/wp\/v2\/posts"}],"about":[{"href":"https:\/\/www.radiomais.ao\/index.php\/wp-json\/wp\/v2\/types\/post"}],"author":[{"embeddable":true,"href":"https:\/\/www.radiomais.ao\/index.php\/wp-json\/wp\/v2\/users\/3"}],"replies":[{"embeddable":true,"href":"https:\/\/www.radiomais.ao\/index.php\/wp-json\/wp\/v2\/comments?post=1831"}],"version-history":[{"count":1,"href":"https:\/\/www.radiomais.ao\/index.php\/wp-json\/wp\/v2\/posts\/1831\/revisions"}],"predecessor-version":[{"id":1833,"href":"https:\/\/www.radiomais.ao\/index.php\/wp-json\/wp\/v2\/posts\/1831\/revisions\/1833"}],"wp:featuredmedia":[{"embeddable":true,"href":"https:\/\/www.radiomais.ao\/index.php\/wp-json\/wp\/v2\/media\/1832"}],"wp:attachment":[{"href":"https:\/\/www.radiomais.ao\/index.php\/wp-json\/wp\/v2\/media?parent=1831"}],"wp:term":[{"taxonomy":"category","embeddable":true,"href":"https:\/\/www.radiomais.ao\/index.php\/wp-json\/wp\/v2\/categories?post=1831"},{"taxonomy":"post_tag","embeddable":true,"href":"https:\/\/www.radiomais.ao\/index.php\/wp-json\/wp\/v2\/tags?post=1831"}],"curies":[{"name":"wp","href":"https:\/\/api.w.org\/{rel}","templated":true}]}}