{"id":1834,"date":"2025-09-01T11:08:35","date_gmt":"2025-09-01T10:08:35","guid":{"rendered":"https:\/\/www.radiomais.ao\/?p=1834"},"modified":"2025-09-01T11:10:25","modified_gmt":"2025-09-01T10:10:25","slug":"tribunal-do-lubango-retoma-hoje-julgamento-de-acusados-pela-morte-de-missionario-americano","status":"publish","type":"post","link":"https:\/\/www.radiomais.ao\/index.php\/2025\/09\/01\/tribunal-do-lubango-retoma-hoje-julgamento-de-acusados-pela-morte-de-missionario-americano\/","title":{"rendered":"Tribunal do Lubango retoma hoje julgamento de acusados pela morte de mission\u00e1rio americano."},"content":{"rendered":"\n<p><strong>O Tribunal da Comarca do Lubango retoma hoje, 1 de Setembro, o julgamento dos tr\u00eas cidad\u00e3os acusados de envolvimento na morte do mission\u00e1rio norte-americano Beau Shroyer, ocorrida a 25 de outubro do ano passado, no ent\u00e3o munic\u00edpio da palanca, prov\u00edncia da Hu\u00edla<\/strong>. Fonte <strong><em><a href=\"https:\/\/www.opais.ao\/sociedade\/tribunal-do-lubango-retoma-hoje-julgamento-de-acusados-pela-morte-de-missionario-americano\/\">Opa\u00eds<\/a><\/em><\/strong><\/p>\n\n\n\n<p><\/p>\n","protected":false},"excerpt":{"rendered":"<p>O Tribunal da Comarca do Lubango retoma hoje, 1 de Setembro, o julgamento dos tr\u00eas cidad\u00e3os acusados de envolvimento na morte do mission\u00e1rio norte-americano Beau Shroyer, ocorrida a 25 de outubro do ano passado, no ent\u00e3o munic\u00edpio da palanca, prov\u00edncia da Hu\u00edla. Fonte Opa\u00eds<\/p>\n","protected":false},"author":3,"featured_media":1837,"comment_status":"open","ping_status":"open","sticky":false,"template":"","format":"standard","meta":{"footnotes":""},"categories":[16],"tags":[355,354],"class_list":["post-1834","post","type-post","status-publish","format-standard","has-post-thumbnail","hentry","category-actualidade","tag-caso-missionario-americano","tag-tribunal-lubango"],"blocksy_meta":[],"_links":{"self":[{"href":"https:\/\/www.radiomais.ao\/index.php\/wp-json\/wp\/v2\/posts\/1834","targetHints":{"allow":["GET"]}}],"collection":[{"href":"https:\/\/www.radiomais.ao\/index.php\/wp-json\/wp\/v2\/posts"}],"about":[{"href":"https:\/\/www.radiomais.ao\/index.php\/wp-json\/wp\/v2\/types\/post"}],"author":[{"embeddable":true,"href":"https:\/\/www.radiomais.ao\/index.php\/wp-json\/wp\/v2\/users\/3"}],"replies":[{"embeddable":true,"href":"https:\/\/www.radiomais.ao\/index.php\/wp-json\/wp\/v2\/comments?post=1834"}],"version-history":[{"count":3,"href":"https:\/\/www.radiomais.ao\/index.php\/wp-json\/wp\/v2\/posts\/1834\/revisions"}],"predecessor-version":[{"id":1838,"href":"https:\/\/www.radiomais.ao\/index.php\/wp-json\/wp\/v2\/posts\/1834\/revisions\/1838"}],"wp:featuredmedia":[{"embeddable":true,"href":"https:\/\/www.radiomais.ao\/index.php\/wp-json\/wp\/v2\/media\/1837"}],"wp:attachment":[{"href":"https:\/\/www.radiomais.ao\/index.php\/wp-json\/wp\/v2\/media?parent=1834"}],"wp:term":[{"taxonomy":"category","embeddable":true,"href":"https:\/\/www.radiomais.ao\/index.php\/wp-json\/wp\/v2\/categories?post=1834"},{"taxonomy":"post_tag","embeddable":true,"href":"https:\/\/www.radiomais.ao\/index.php\/wp-json\/wp\/v2\/tags?post=1834"}],"curies":[{"name":"wp","href":"https:\/\/api.w.org\/{rel}","templated":true}]}}