{"id":1839,"date":"2025-09-01T11:16:47","date_gmt":"2025-09-01T10:16:47","guid":{"rendered":"https:\/\/www.radiomais.ao\/?p=1839"},"modified":"2025-09-01T11:16:47","modified_gmt":"2025-09-01T10:16:47","slug":"profissionais-angolanos-de-comunicacao-iniciam-hoje-formacao-em-pequim","status":"publish","type":"post","link":"https:\/\/www.radiomais.ao\/index.php\/2025\/09\/01\/profissionais-angolanos-de-comunicacao-iniciam-hoje-formacao-em-pequim\/","title":{"rendered":"Profissionais angolanos de comunica\u00e7\u00e3o iniciam hoje forma\u00e7\u00e3o em Pequim."},"content":{"rendered":"\n<p><strong>Um grupo de jornalistas e funcion\u00e1rios do minist\u00e9rio das rela\u00e7\u00f5es Exteriores (MIREX), afectos ao gabinete de Comunica\u00e7\u00e3o Institucional e Imprensa (GCII-MIREX), desembarcou ontem, na capital da rep\u00fablica popular da China, com o objectivo de participar num Semin\u00e1rio para profissionais de Comunica\u00e7\u00e3o e Imprensa de angola, que tem in\u00edcio esta segunda-feira<\/strong> . Fonte <strong><em><a href=\"https:\/\/www.opais.ao\/politica\/profissionais-angolanos-de-comunicacao-iniciam-hoje-formacao-em-pequim\/\">Opa\u00eds<\/a><\/em><\/strong><\/p>\n","protected":false},"excerpt":{"rendered":"<p>Um grupo de jornalistas e funcion\u00e1rios do minist\u00e9rio das rela\u00e7\u00f5es Exteriores (MIREX), afectos ao gabinete de Comunica\u00e7\u00e3o Institucional e Imprensa (GCII-MIREX), desembarcou ontem, na capital da rep\u00fablica popular da China, com o objectivo de participar num Semin\u00e1rio para profissionais de Comunica\u00e7\u00e3o e Imprensa de angola, que tem in\u00edcio esta segunda-feira . Fonte Opa\u00eds<\/p>\n","protected":false},"author":3,"featured_media":1840,"comment_status":"open","ping_status":"open","sticky":false,"template":"","format":"standard","meta":{"footnotes":""},"categories":[16],"tags":[356,309],"class_list":["post-1839","post","type-post","status-publish","format-standard","has-post-thumbnail","hentry","category-actualidade","tag-formacao","tag-jornalistas"],"blocksy_meta":[],"_links":{"self":[{"href":"https:\/\/www.radiomais.ao\/index.php\/wp-json\/wp\/v2\/posts\/1839","targetHints":{"allow":["GET"]}}],"collection":[{"href":"https:\/\/www.radiomais.ao\/index.php\/wp-json\/wp\/v2\/posts"}],"about":[{"href":"https:\/\/www.radiomais.ao\/index.php\/wp-json\/wp\/v2\/types\/post"}],"author":[{"embeddable":true,"href":"https:\/\/www.radiomais.ao\/index.php\/wp-json\/wp\/v2\/users\/3"}],"replies":[{"embeddable":true,"href":"https:\/\/www.radiomais.ao\/index.php\/wp-json\/wp\/v2\/comments?post=1839"}],"version-history":[{"count":1,"href":"https:\/\/www.radiomais.ao\/index.php\/wp-json\/wp\/v2\/posts\/1839\/revisions"}],"predecessor-version":[{"id":1841,"href":"https:\/\/www.radiomais.ao\/index.php\/wp-json\/wp\/v2\/posts\/1839\/revisions\/1841"}],"wp:featuredmedia":[{"embeddable":true,"href":"https:\/\/www.radiomais.ao\/index.php\/wp-json\/wp\/v2\/media\/1840"}],"wp:attachment":[{"href":"https:\/\/www.radiomais.ao\/index.php\/wp-json\/wp\/v2\/media?parent=1839"}],"wp:term":[{"taxonomy":"category","embeddable":true,"href":"https:\/\/www.radiomais.ao\/index.php\/wp-json\/wp\/v2\/categories?post=1839"},{"taxonomy":"post_tag","embeddable":true,"href":"https:\/\/www.radiomais.ao\/index.php\/wp-json\/wp\/v2\/tags?post=1839"}],"curies":[{"name":"wp","href":"https:\/\/api.w.org\/{rel}","templated":true}]}}