{"id":1845,"date":"2025-09-01T11:37:02","date_gmt":"2025-09-01T10:37:02","guid":{"rendered":"https:\/\/www.radiomais.ao\/?p=1845"},"modified":"2025-09-01T11:39:09","modified_gmt":"2025-09-01T10:39:09","slug":"mais-de-3-mil-alunos-no-lovua-irao-beneficiar-de-material-escolar-gratuito","status":"publish","type":"post","link":"https:\/\/www.radiomais.ao\/index.php\/2025\/09\/01\/mais-de-3-mil-alunos-no-lovua-irao-beneficiar-de-material-escolar-gratuito\/","title":{"rendered":"Mais de 3 mil alunos no L\u00f3vua ir\u00e3o beneficiar de material escolar gratuito."},"content":{"rendered":"\n<p>Mais de 3 mil alunos, matriculados no ensino prim\u00e1rio, no munic\u00edpio do L\u00f3vua come\u00e7am a receber material escolar, nesta segunda-feira depois da abertura do ano lectivo 2025-2026, cuja cerim\u00f3nia oficial decorre em Luanda. Fonte <strong><em><a href=\"https:\/\/www.opais.ao\/sociedade\/mais-de-3-mil-alunos-no-lovua-irao-beneficiar-de-material-escolar-gratuito\/\">Opa\u00eds<\/a><\/em><\/strong><\/p>\n","protected":false},"excerpt":{"rendered":"<p>Mais de 3 mil alunos, matriculados no ensino prim\u00e1rio, no munic\u00edpio do L\u00f3vua come\u00e7am a receber material escolar, nesta segunda-feira depois da abertura do ano lectivo 2025-2026, cuja cerim\u00f3nia oficial decorre em Luanda. Fonte Opa\u00eds<\/p>\n","protected":false},"author":3,"featured_media":1847,"comment_status":"open","ping_status":"open","sticky":false,"template":"","format":"standard","meta":{"footnotes":""},"categories":[16],"tags":[360,362,359,361],"class_list":["post-1845","post","type-post","status-publish","format-standard","has-post-thumbnail","hentry","category-actualidade","tag-alunos","tag-gratuito","tag-lovua","tag-material-escolara"],"blocksy_meta":[],"_links":{"self":[{"href":"https:\/\/www.radiomais.ao\/index.php\/wp-json\/wp\/v2\/posts\/1845","targetHints":{"allow":["GET"]}}],"collection":[{"href":"https:\/\/www.radiomais.ao\/index.php\/wp-json\/wp\/v2\/posts"}],"about":[{"href":"https:\/\/www.radiomais.ao\/index.php\/wp-json\/wp\/v2\/types\/post"}],"author":[{"embeddable":true,"href":"https:\/\/www.radiomais.ao\/index.php\/wp-json\/wp\/v2\/users\/3"}],"replies":[{"embeddable":true,"href":"https:\/\/www.radiomais.ao\/index.php\/wp-json\/wp\/v2\/comments?post=1845"}],"version-history":[{"count":1,"href":"https:\/\/www.radiomais.ao\/index.php\/wp-json\/wp\/v2\/posts\/1845\/revisions"}],"predecessor-version":[{"id":1846,"href":"https:\/\/www.radiomais.ao\/index.php\/wp-json\/wp\/v2\/posts\/1845\/revisions\/1846"}],"wp:featuredmedia":[{"embeddable":true,"href":"https:\/\/www.radiomais.ao\/index.php\/wp-json\/wp\/v2\/media\/1847"}],"wp:attachment":[{"href":"https:\/\/www.radiomais.ao\/index.php\/wp-json\/wp\/v2\/media?parent=1845"}],"wp:term":[{"taxonomy":"category","embeddable":true,"href":"https:\/\/www.radiomais.ao\/index.php\/wp-json\/wp\/v2\/categories?post=1845"},{"taxonomy":"post_tag","embeddable":true,"href":"https:\/\/www.radiomais.ao\/index.php\/wp-json\/wp\/v2\/tags?post=1845"}],"curies":[{"name":"wp","href":"https:\/\/api.w.org\/{rel}","templated":true}]}}