{"id":1848,"date":"2025-09-01T11:46:43","date_gmt":"2025-09-01T10:46:43","guid":{"rendered":"https:\/\/www.radiomais.ao\/?p=1848"},"modified":"2025-09-01T11:46:43","modified_gmt":"2025-09-01T10:46:43","slug":"estradas-de-luanda-registam-14-acidentes-de-viacao-no-ultimo-fim-de-semana","status":"publish","type":"post","link":"https:\/\/www.radiomais.ao\/index.php\/2025\/09\/01\/estradas-de-luanda-registam-14-acidentes-de-viacao-no-ultimo-fim-de-semana\/","title":{"rendered":"Estradas de Luanda registam 14 acidentes de via\u00e7\u00e3o no \u00faltimo fim de semana."},"content":{"rendered":"\n<p>A capital do pa\u00eds registou, no \u00faltimo fim de semana, no per\u00edodo compreendido entre 29 e 31 de agosto, um total de 14 acidentes de via\u00e7\u00e3o, que resultaram em dois mortos e 13 feridos, sendo o excesso de velocidade e a falta de precau\u00e7\u00e3o no exerc\u00edcio da condu\u00e7\u00e3o como factores predominantes. Fonte <strong><em><a href=\"https:\/\/www.opais.ao\/sociedade\/estradas-de-luanda-registam-14-acidentes-de-viacao-no-ultimo-fim-de-semana\/\">Opa\u00eds<\/a><\/em><\/strong><\/p>\n","protected":false},"excerpt":{"rendered":"<p>A capital do pa\u00eds registou, no \u00faltimo fim de semana, no per\u00edodo compreendido entre 29 e 31 de agosto, um total de 14 acidentes de via\u00e7\u00e3o, que resultaram em dois mortos e 13 feridos, sendo o excesso de velocidade e a falta de precau\u00e7\u00e3o no exerc\u00edcio da condu\u00e7\u00e3o como factores predominantes. Fonte Opa\u00eds<\/p>\n","protected":false},"author":3,"featured_media":1849,"comment_status":"open","ping_status":"open","sticky":false,"template":"","format":"standard","meta":{"footnotes":""},"categories":[16],"tags":[363,87,364],"class_list":["post-1848","post","type-post","status-publish","format-standard","has-post-thumbnail","hentry","category-actualidade","tag-acidente","tag-luanda","tag-registos"],"blocksy_meta":[],"_links":{"self":[{"href":"https:\/\/www.radiomais.ao\/index.php\/wp-json\/wp\/v2\/posts\/1848","targetHints":{"allow":["GET"]}}],"collection":[{"href":"https:\/\/www.radiomais.ao\/index.php\/wp-json\/wp\/v2\/posts"}],"about":[{"href":"https:\/\/www.radiomais.ao\/index.php\/wp-json\/wp\/v2\/types\/post"}],"author":[{"embeddable":true,"href":"https:\/\/www.radiomais.ao\/index.php\/wp-json\/wp\/v2\/users\/3"}],"replies":[{"embeddable":true,"href":"https:\/\/www.radiomais.ao\/index.php\/wp-json\/wp\/v2\/comments?post=1848"}],"version-history":[{"count":1,"href":"https:\/\/www.radiomais.ao\/index.php\/wp-json\/wp\/v2\/posts\/1848\/revisions"}],"predecessor-version":[{"id":1850,"href":"https:\/\/www.radiomais.ao\/index.php\/wp-json\/wp\/v2\/posts\/1848\/revisions\/1850"}],"wp:featuredmedia":[{"embeddable":true,"href":"https:\/\/www.radiomais.ao\/index.php\/wp-json\/wp\/v2\/media\/1849"}],"wp:attachment":[{"href":"https:\/\/www.radiomais.ao\/index.php\/wp-json\/wp\/v2\/media?parent=1848"}],"wp:term":[{"taxonomy":"category","embeddable":true,"href":"https:\/\/www.radiomais.ao\/index.php\/wp-json\/wp\/v2\/categories?post=1848"},{"taxonomy":"post_tag","embeddable":true,"href":"https:\/\/www.radiomais.ao\/index.php\/wp-json\/wp\/v2\/tags?post=1848"}],"curies":[{"name":"wp","href":"https:\/\/api.w.org\/{rel}","templated":true}]}}