{"id":1854,"date":"2025-09-01T12:10:22","date_gmt":"2025-09-01T11:10:22","guid":{"rendered":"https:\/\/www.radiomais.ao\/?p=1854"},"modified":"2025-09-01T12:10:22","modified_gmt":"2025-09-01T11:10:22","slug":"taag-inicia-viagens-na-rota-luanda-nairobi","status":"publish","type":"post","link":"https:\/\/www.radiomais.ao\/index.php\/2025\/09\/01\/taag-inicia-viagens-na-rota-luanda-nairobi\/","title":{"rendered":"TAAG inicia viagens na rota Luanda\/Nairobi."},"content":{"rendered":"\n<p>A maior companhia de navega\u00e7\u00e3o a\u00e9rea do pa\u00eds, TAAG- Linhas A\u00e9reas de Angola, deu in\u00edcio de forma oficial, a partir deste primeiro dia do m\u00eas do Her\u00f3i Nacional, \u00e0 sua opera\u00e7\u00e3o comercial de passageiros na rota Luanda-Nairobi, capital da Rep\u00fablica do Qu\u00e9nia, na \u00c1frica Oriental. Fonte <strong><em><a href=\"https:\/\/www.opais.ao\/sociedade\/taag-inicia-viagens-na-rota-luanda-nairobi\/\">Opa\u00eds<\/a><\/em><\/strong><\/p>\n","protected":false},"excerpt":{"rendered":"<p>A maior companhia de navega\u00e7\u00e3o a\u00e9rea do pa\u00eds, TAAG- Linhas A\u00e9reas de Angola, deu in\u00edcio de forma oficial, a partir deste primeiro dia do m\u00eas do Her\u00f3i Nacional, \u00e0 sua opera\u00e7\u00e3o comercial de passageiros na rota Luanda-Nairobi, capital da Rep\u00fablica do Qu\u00e9nia, na \u00c1frica Oriental. Fonte Opa\u00eds<\/p>\n","protected":false},"author":3,"featured_media":1855,"comment_status":"open","ping_status":"open","sticky":false,"template":"","format":"standard","meta":{"footnotes":""},"categories":[16],"tags":[368],"class_list":["post-1854","post","type-post","status-publish","format-standard","has-post-thumbnail","hentry","category-actualidade","tag-taag-inicia-viagens-na-rota-luanda-nairobi"],"blocksy_meta":[],"_links":{"self":[{"href":"https:\/\/www.radiomais.ao\/index.php\/wp-json\/wp\/v2\/posts\/1854","targetHints":{"allow":["GET"]}}],"collection":[{"href":"https:\/\/www.radiomais.ao\/index.php\/wp-json\/wp\/v2\/posts"}],"about":[{"href":"https:\/\/www.radiomais.ao\/index.php\/wp-json\/wp\/v2\/types\/post"}],"author":[{"embeddable":true,"href":"https:\/\/www.radiomais.ao\/index.php\/wp-json\/wp\/v2\/users\/3"}],"replies":[{"embeddable":true,"href":"https:\/\/www.radiomais.ao\/index.php\/wp-json\/wp\/v2\/comments?post=1854"}],"version-history":[{"count":1,"href":"https:\/\/www.radiomais.ao\/index.php\/wp-json\/wp\/v2\/posts\/1854\/revisions"}],"predecessor-version":[{"id":1856,"href":"https:\/\/www.radiomais.ao\/index.php\/wp-json\/wp\/v2\/posts\/1854\/revisions\/1856"}],"wp:featuredmedia":[{"embeddable":true,"href":"https:\/\/www.radiomais.ao\/index.php\/wp-json\/wp\/v2\/media\/1855"}],"wp:attachment":[{"href":"https:\/\/www.radiomais.ao\/index.php\/wp-json\/wp\/v2\/media?parent=1854"}],"wp:term":[{"taxonomy":"category","embeddable":true,"href":"https:\/\/www.radiomais.ao\/index.php\/wp-json\/wp\/v2\/categories?post=1854"},{"taxonomy":"post_tag","embeddable":true,"href":"https:\/\/www.radiomais.ao\/index.php\/wp-json\/wp\/v2\/tags?post=1854"}],"curies":[{"name":"wp","href":"https:\/\/api.w.org\/{rel}","templated":true}]}}