{"id":1857,"date":"2025-09-01T12:16:18","date_gmt":"2025-09-01T11:16:18","guid":{"rendered":"https:\/\/www.radiomais.ao\/?p=1857"},"modified":"2025-09-01T12:16:18","modified_gmt":"2025-09-01T11:16:18","slug":"florbela-malaquias-e-reeleita-lider-do-pha-na-convencao-nacional","status":"publish","type":"post","link":"https:\/\/www.radiomais.ao\/index.php\/2025\/09\/01\/florbela-malaquias-e-reeleita-lider-do-pha-na-convencao-nacional\/","title":{"rendered":"Florbela Malaquias \u00e9 reeleita l\u00edder do PHA na Conven\u00e7\u00e3o Nacional."},"content":{"rendered":"\n<p><strong>Apesar da contesta\u00e7\u00e3o interna e de um processo de destitui\u00e7\u00e3o remetido ao tribunal Constitucional por alegado desvio de fundos, Florbela Malaquias foi reeleita, no \u00faltimo s\u00e1bado, presidente do partido Humanista de angola (PHA), durante a I Conven\u00e7\u00e3o Nacional ordin\u00e1ria, realizada em Luanda<\/strong>. Fonte<strong><em><a href=\"https:\/\/www.opais.ao\/politica\/apesar-da-crise-interna-florbela-malaquias-e-reeleita-lider-do-pha-na-convencao-nacional\/\"> Opa\u00eds<\/a><\/em><\/strong><\/p>\n\n\n\n<p><\/p>\n","protected":false},"excerpt":{"rendered":"<p>Apesar da contesta\u00e7\u00e3o interna e de um processo de destitui\u00e7\u00e3o remetido ao tribunal Constitucional por alegado desvio de fundos, Florbela Malaquias foi reeleita, no \u00faltimo s\u00e1bado, presidente do partido Humanista de angola (PHA), durante a I Conven\u00e7\u00e3o Nacional ordin\u00e1ria, realizada em Luanda. Fonte Opa\u00eds<\/p>\n","protected":false},"author":3,"featured_media":1858,"comment_status":"open","ping_status":"open","sticky":false,"template":"","format":"standard","meta":{"footnotes":""},"categories":[16],"tags":[369],"class_list":["post-1857","post","type-post","status-publish","format-standard","has-post-thumbnail","hentry","category-actualidade","tag-florbela"],"blocksy_meta":[],"_links":{"self":[{"href":"https:\/\/www.radiomais.ao\/index.php\/wp-json\/wp\/v2\/posts\/1857","targetHints":{"allow":["GET"]}}],"collection":[{"href":"https:\/\/www.radiomais.ao\/index.php\/wp-json\/wp\/v2\/posts"}],"about":[{"href":"https:\/\/www.radiomais.ao\/index.php\/wp-json\/wp\/v2\/types\/post"}],"author":[{"embeddable":true,"href":"https:\/\/www.radiomais.ao\/index.php\/wp-json\/wp\/v2\/users\/3"}],"replies":[{"embeddable":true,"href":"https:\/\/www.radiomais.ao\/index.php\/wp-json\/wp\/v2\/comments?post=1857"}],"version-history":[{"count":1,"href":"https:\/\/www.radiomais.ao\/index.php\/wp-json\/wp\/v2\/posts\/1857\/revisions"}],"predecessor-version":[{"id":1859,"href":"https:\/\/www.radiomais.ao\/index.php\/wp-json\/wp\/v2\/posts\/1857\/revisions\/1859"}],"wp:featuredmedia":[{"embeddable":true,"href":"https:\/\/www.radiomais.ao\/index.php\/wp-json\/wp\/v2\/media\/1858"}],"wp:attachment":[{"href":"https:\/\/www.radiomais.ao\/index.php\/wp-json\/wp\/v2\/media?parent=1857"}],"wp:term":[{"taxonomy":"category","embeddable":true,"href":"https:\/\/www.radiomais.ao\/index.php\/wp-json\/wp\/v2\/categories?post=1857"},{"taxonomy":"post_tag","embeddable":true,"href":"https:\/\/www.radiomais.ao\/index.php\/wp-json\/wp\/v2\/tags?post=1857"}],"curies":[{"name":"wp","href":"https:\/\/api.w.org\/{rel}","templated":true}]}}