{"id":1860,"date":"2025-09-01T12:25:05","date_gmt":"2025-09-01T11:25:05","guid":{"rendered":"https:\/\/www.radiomais.ao\/?p=1860"},"modified":"2025-09-01T12:25:05","modified_gmt":"2025-09-01T11:25:05","slug":"escritor-vanderley-vanderdiq-homenageado-pelo-contributo-a-literatura-infantil","status":"publish","type":"post","link":"https:\/\/www.radiomais.ao\/index.php\/2025\/09\/01\/escritor-vanderley-vanderdiq-homenageado-pelo-contributo-a-literatura-infantil\/","title":{"rendered":"Escritor Vanderley Vanderdiq homenageado pelo contributo \u00e0 literatura infantil."},"content":{"rendered":"\n<p><strong>O escritor angolano, Vanderley Vanderdiq, foi homenageado, no \u00faltimo S\u00e1bado, 30, na sua resid\u00eancia, em Luanda, pelo contributo que tem prestado para o desenvolvimento da literatura infanto-juvenil<\/strong>. Fonte <strong><em><a href=\"https:\/\/www.opais.ao\/cultura\/escritor-vanderley-vanderdiq-homenageado-pelo-contributo-a-literatura-infantil\/\">Opa\u00eds<\/a><\/em><\/strong><\/p>\n","protected":false},"excerpt":{"rendered":"<p>O escritor angolano, Vanderley Vanderdiq, foi homenageado, no \u00faltimo S\u00e1bado, 30, na sua resid\u00eancia, em Luanda, pelo contributo que tem prestado para o desenvolvimento da literatura infanto-juvenil. Fonte Opa\u00eds<\/p>\n","protected":false},"author":3,"featured_media":1861,"comment_status":"open","ping_status":"open","sticky":false,"template":"","format":"standard","meta":{"footnotes":""},"categories":[16],"tags":[370,147,371],"class_list":["post-1860","post","type-post","status-publish","format-standard","has-post-thumbnail","hentry","category-actualidade","tag-escritor","tag-homenagem","tag-vanderley"],"blocksy_meta":[],"_links":{"self":[{"href":"https:\/\/www.radiomais.ao\/index.php\/wp-json\/wp\/v2\/posts\/1860","targetHints":{"allow":["GET"]}}],"collection":[{"href":"https:\/\/www.radiomais.ao\/index.php\/wp-json\/wp\/v2\/posts"}],"about":[{"href":"https:\/\/www.radiomais.ao\/index.php\/wp-json\/wp\/v2\/types\/post"}],"author":[{"embeddable":true,"href":"https:\/\/www.radiomais.ao\/index.php\/wp-json\/wp\/v2\/users\/3"}],"replies":[{"embeddable":true,"href":"https:\/\/www.radiomais.ao\/index.php\/wp-json\/wp\/v2\/comments?post=1860"}],"version-history":[{"count":1,"href":"https:\/\/www.radiomais.ao\/index.php\/wp-json\/wp\/v2\/posts\/1860\/revisions"}],"predecessor-version":[{"id":1862,"href":"https:\/\/www.radiomais.ao\/index.php\/wp-json\/wp\/v2\/posts\/1860\/revisions\/1862"}],"wp:featuredmedia":[{"embeddable":true,"href":"https:\/\/www.radiomais.ao\/index.php\/wp-json\/wp\/v2\/media\/1861"}],"wp:attachment":[{"href":"https:\/\/www.radiomais.ao\/index.php\/wp-json\/wp\/v2\/media?parent=1860"}],"wp:term":[{"taxonomy":"category","embeddable":true,"href":"https:\/\/www.radiomais.ao\/index.php\/wp-json\/wp\/v2\/categories?post=1860"},{"taxonomy":"post_tag","embeddable":true,"href":"https:\/\/www.radiomais.ao\/index.php\/wp-json\/wp\/v2\/tags?post=1860"}],"curies":[{"name":"wp","href":"https:\/\/api.w.org\/{rel}","templated":true}]}}