{"id":1863,"date":"2025-09-01T12:28:17","date_gmt":"2025-09-01T11:28:17","guid":{"rendered":"https:\/\/www.radiomais.ao\/?p=1863"},"modified":"2025-09-01T12:29:06","modified_gmt":"2025-09-01T11:29:06","slug":"corrida-de-200-km-da-huila-acontece-hoje","status":"publish","type":"post","link":"https:\/\/www.radiomais.ao\/index.php\/2025\/09\/01\/corrida-de-200-km-da-huila-acontece-hoje\/","title":{"rendered":"Corrida de 200 Km da Hu\u00edla acontece hoje."},"content":{"rendered":"\n<p><strong>J\u00e1 aquecem os motores de carros e motorizadas em mais uma edi\u00e7\u00e3o dos 200 quil\u00f3metros da Hu\u00edla, no \u00e2mbito das festas da Nossa Senhora do Monte, Padroeira, cuja edi\u00e7\u00e3o j\u00e1 vai na sua 123\u00aa vez, juntando na capital huilana turistas nacionais e internacionais.<\/strong> Fonte<strong><em><a href=\"https:\/\/www.opais.ao\/desporto\/corrida-de-200-km-da-huila-acontece-hoje\/\"> Opa\u00eds<\/a><\/em><\/strong><\/p>\n\n\n\n<p><\/p>\n","protected":false},"excerpt":{"rendered":"<p>J\u00e1 aquecem os motores de carros e motorizadas em mais uma edi\u00e7\u00e3o dos 200 quil\u00f3metros da Hu\u00edla, no \u00e2mbito das festas da Nossa Senhora do Monte, Padroeira, cuja edi\u00e7\u00e3o j\u00e1 vai na sua 123\u00aa vez, juntando na capital huilana turistas nacionais e internacionais. Fonte Opa\u00eds<\/p>\n","protected":false},"author":3,"featured_media":1864,"comment_status":"open","ping_status":"open","sticky":false,"template":"","format":"standard","meta":{"footnotes":""},"categories":[16],"tags":[372,142],"class_list":["post-1863","post","type-post","status-publish","format-standard","has-post-thumbnail","hentry","category-actualidade","tag-corridas","tag-huila"],"blocksy_meta":[],"_links":{"self":[{"href":"https:\/\/www.radiomais.ao\/index.php\/wp-json\/wp\/v2\/posts\/1863","targetHints":{"allow":["GET"]}}],"collection":[{"href":"https:\/\/www.radiomais.ao\/index.php\/wp-json\/wp\/v2\/posts"}],"about":[{"href":"https:\/\/www.radiomais.ao\/index.php\/wp-json\/wp\/v2\/types\/post"}],"author":[{"embeddable":true,"href":"https:\/\/www.radiomais.ao\/index.php\/wp-json\/wp\/v2\/users\/3"}],"replies":[{"embeddable":true,"href":"https:\/\/www.radiomais.ao\/index.php\/wp-json\/wp\/v2\/comments?post=1863"}],"version-history":[{"count":3,"href":"https:\/\/www.radiomais.ao\/index.php\/wp-json\/wp\/v2\/posts\/1863\/revisions"}],"predecessor-version":[{"id":1867,"href":"https:\/\/www.radiomais.ao\/index.php\/wp-json\/wp\/v2\/posts\/1863\/revisions\/1867"}],"wp:featuredmedia":[{"embeddable":true,"href":"https:\/\/www.radiomais.ao\/index.php\/wp-json\/wp\/v2\/media\/1864"}],"wp:attachment":[{"href":"https:\/\/www.radiomais.ao\/index.php\/wp-json\/wp\/v2\/media?parent=1863"}],"wp:term":[{"taxonomy":"category","embeddable":true,"href":"https:\/\/www.radiomais.ao\/index.php\/wp-json\/wp\/v2\/categories?post=1863"},{"taxonomy":"post_tag","embeddable":true,"href":"https:\/\/www.radiomais.ao\/index.php\/wp-json\/wp\/v2\/tags?post=1863"}],"curies":[{"name":"wp","href":"https:\/\/api.w.org\/{rel}","templated":true}]}}