{"id":1911,"date":"2025-09-04T11:35:48","date_gmt":"2025-09-04T10:35:48","guid":{"rendered":"https:\/\/www.radiomais.ao\/?p=1911"},"modified":"2025-09-04T11:35:48","modified_gmt":"2025-09-04T10:35:48","slug":"angola-assume-presidencia-do-conselho-de-paz-e-seguranca-da-ua","status":"publish","type":"post","link":"https:\/\/www.radiomais.ao\/index.php\/2025\/09\/04\/angola-assume-presidencia-do-conselho-de-paz-e-seguranca-da-ua\/","title":{"rendered":"Angola assume presid\u00eancia do Conselho de Paz e Seguran\u00e7a da UA."},"content":{"rendered":"\n<p>A Rep\u00fablica de Angola voltou a assumir, esta quarta-feira, 3, a presid\u00eancia do Conselho de Paz e Seguran\u00e7a da Uni\u00e3o Africana (UA), \u00f3rg\u00e3o estrat\u00e9gico especializado em mat\u00e9ria de paz e seguran\u00e7a continental. Fonte <strong><em><a href=\"https:\/\/www.opais.ao\/politica\/angola-assume-presidencia-do-conselho-de-paz-e-seguranca-da-ua\/\">Opa\u00eds<\/a><\/em><\/strong><\/p>\n","protected":false},"excerpt":{"rendered":"<p>A Rep\u00fablica de Angola voltou a assumir, esta quarta-feira, 3, a presid\u00eancia do Conselho de Paz e Seguran\u00e7a da Uni\u00e3o Africana (UA), \u00f3rg\u00e3o estrat\u00e9gico especializado em mat\u00e9ria de paz e seguran\u00e7a continental. Fonte Opa\u00eds<\/p>\n","protected":false},"author":3,"featured_media":1912,"comment_status":"open","ping_status":"open","sticky":false,"template":"","format":"standard","meta":{"footnotes":""},"categories":[16],"tags":[75,499,498],"class_list":["post-1911","post","type-post","status-publish","format-standard","has-post-thumbnail","hentry","category-actualidade","tag-angola","tag-conselho-de-paz","tag-presidencia"],"blocksy_meta":[],"_links":{"self":[{"href":"https:\/\/www.radiomais.ao\/index.php\/wp-json\/wp\/v2\/posts\/1911","targetHints":{"allow":["GET"]}}],"collection":[{"href":"https:\/\/www.radiomais.ao\/index.php\/wp-json\/wp\/v2\/posts"}],"about":[{"href":"https:\/\/www.radiomais.ao\/index.php\/wp-json\/wp\/v2\/types\/post"}],"author":[{"embeddable":true,"href":"https:\/\/www.radiomais.ao\/index.php\/wp-json\/wp\/v2\/users\/3"}],"replies":[{"embeddable":true,"href":"https:\/\/www.radiomais.ao\/index.php\/wp-json\/wp\/v2\/comments?post=1911"}],"version-history":[{"count":1,"href":"https:\/\/www.radiomais.ao\/index.php\/wp-json\/wp\/v2\/posts\/1911\/revisions"}],"predecessor-version":[{"id":1913,"href":"https:\/\/www.radiomais.ao\/index.php\/wp-json\/wp\/v2\/posts\/1911\/revisions\/1913"}],"wp:featuredmedia":[{"embeddable":true,"href":"https:\/\/www.radiomais.ao\/index.php\/wp-json\/wp\/v2\/media\/1912"}],"wp:attachment":[{"href":"https:\/\/www.radiomais.ao\/index.php\/wp-json\/wp\/v2\/media?parent=1911"}],"wp:term":[{"taxonomy":"category","embeddable":true,"href":"https:\/\/www.radiomais.ao\/index.php\/wp-json\/wp\/v2\/categories?post=1911"},{"taxonomy":"post_tag","embeddable":true,"href":"https:\/\/www.radiomais.ao\/index.php\/wp-json\/wp\/v2\/tags?post=1911"}],"curies":[{"name":"wp","href":"https:\/\/api.w.org\/{rel}","templated":true}]}}