{"id":1917,"date":"2025-09-04T11:52:34","date_gmt":"2025-09-04T10:52:34","guid":{"rendered":"https:\/\/www.radiomais.ao\/?p=1917"},"modified":"2025-09-04T11:52:34","modified_gmt":"2025-09-04T10:52:34","slug":"duas-criancas-de-dois-anos-gravemente-feridas-em-incendio-na-caala","status":"publish","type":"post","link":"https:\/\/www.radiomais.ao\/index.php\/2025\/09\/04\/duas-criancas-de-dois-anos-gravemente-feridas-em-incendio-na-caala\/","title":{"rendered":"Duas crian\u00e7as de dois anos gravemente feridas em inc\u00eandio na Ca\u00e1la."},"content":{"rendered":"\n<p>Um inc\u00eandio devastador ocorrido no bairro Cangot, munic\u00edpio da Ca\u00e1la, prov\u00edncia do Huambo, deixou gravemente feridas duas crian\u00e7as de apenas dois anos de idade, que se encontravam a brincar sozinhas no momento em que as chamas se propagaram.<strong><em><a href=\"https:\/\/www.opais.ao\/sociedade\/duas-criancas-de-dois-anos-gravemente-feridas-em-incendio-na-caala\/\"> Fonte Opa\u00eds<\/a><\/em><\/strong><\/p>\n\n\n\n<p><\/p>\n","protected":false},"excerpt":{"rendered":"<p>Um inc\u00eandio devastador ocorrido no bairro Cangot, munic\u00edpio da Ca\u00e1la, prov\u00edncia do Huambo, deixou gravemente feridas duas crian\u00e7as de apenas dois anos de idade, que se encontravam a brincar sozinhas no momento em que as chamas se propagaram. Fonte Opa\u00eds<\/p>\n","protected":false},"author":3,"featured_media":1918,"comment_status":"open","ping_status":"open","sticky":false,"template":"","format":"standard","meta":{"footnotes":""},"categories":[16],"tags":[504,505,503],"class_list":["post-1917","post","type-post","status-publish","format-standard","has-post-thumbnail","hentry","category-actualidade","tag-caala","tag-criancas-feridas","tag-incendioa"],"blocksy_meta":[],"_links":{"self":[{"href":"https:\/\/www.radiomais.ao\/index.php\/wp-json\/wp\/v2\/posts\/1917","targetHints":{"allow":["GET"]}}],"collection":[{"href":"https:\/\/www.radiomais.ao\/index.php\/wp-json\/wp\/v2\/posts"}],"about":[{"href":"https:\/\/www.radiomais.ao\/index.php\/wp-json\/wp\/v2\/types\/post"}],"author":[{"embeddable":true,"href":"https:\/\/www.radiomais.ao\/index.php\/wp-json\/wp\/v2\/users\/3"}],"replies":[{"embeddable":true,"href":"https:\/\/www.radiomais.ao\/index.php\/wp-json\/wp\/v2\/comments?post=1917"}],"version-history":[{"count":1,"href":"https:\/\/www.radiomais.ao\/index.php\/wp-json\/wp\/v2\/posts\/1917\/revisions"}],"predecessor-version":[{"id":1919,"href":"https:\/\/www.radiomais.ao\/index.php\/wp-json\/wp\/v2\/posts\/1917\/revisions\/1919"}],"wp:featuredmedia":[{"embeddable":true,"href":"https:\/\/www.radiomais.ao\/index.php\/wp-json\/wp\/v2\/media\/1918"}],"wp:attachment":[{"href":"https:\/\/www.radiomais.ao\/index.php\/wp-json\/wp\/v2\/media?parent=1917"}],"wp:term":[{"taxonomy":"category","embeddable":true,"href":"https:\/\/www.radiomais.ao\/index.php\/wp-json\/wp\/v2\/categories?post=1917"},{"taxonomy":"post_tag","embeddable":true,"href":"https:\/\/www.radiomais.ao\/index.php\/wp-json\/wp\/v2\/tags?post=1917"}],"curies":[{"name":"wp","href":"https:\/\/api.w.org\/{rel}","templated":true}]}}