{"id":1921,"date":"2025-09-04T11:58:21","date_gmt":"2025-09-04T10:58:21","guid":{"rendered":"https:\/\/www.radiomais.ao\/?p=1921"},"modified":"2025-09-04T11:58:21","modified_gmt":"2025-09-04T10:58:21","slug":"mpla-e-partido-socialista-reforcam-cooperacao-e-defendem-solidariedade-lusofona","status":"publish","type":"post","link":"https:\/\/www.radiomais.ao\/index.php\/2025\/09\/04\/mpla-e-partido-socialista-reforcam-cooperacao-e-defendem-solidariedade-lusofona\/","title":{"rendered":"MPLA e Partido Socialista refor\u00e7am coopera\u00e7\u00e3o e defendem solidariedade lus\u00f3fona."},"content":{"rendered":"\n<p>O refor\u00e7o dos la\u00e7os hist\u00f3ricos, pol\u00edticos e culturais entre Angola e Portugal esteve no centro da audi\u00eancia que a vice-presidente do MPLA, Mara Quiosa Baptista, concedeu esta ter\u00e7a-feira, 2, ao secret\u00e1rio-geral do Partido Socialista (PS), Jos\u00e9 Lu\u00eds Carneiro. Fonte<strong><em><a href=\"https:\/\/www.opais.ao\/politica\/mpla-e-partido-socialista-reforcam-cooperacao-e-defendem-solidariedade-lusofona\/\"> Opa\u00eds<\/a><\/em><\/strong><\/p>\n","protected":false},"excerpt":{"rendered":"<p>O refor\u00e7o dos la\u00e7os hist\u00f3ricos, pol\u00edticos e culturais entre Angola e Portugal esteve no centro da audi\u00eancia que a vice-presidente do MPLA, Mara Quiosa Baptista, concedeu esta ter\u00e7a-feira, 2, ao secret\u00e1rio-geral do Partido Socialista (PS), Jos\u00e9 Lu\u00eds Carneiro. Fonte Opa\u00eds<\/p>\n","protected":false},"author":3,"featured_media":1922,"comment_status":"open","ping_status":"open","sticky":false,"template":"","format":"standard","meta":{"footnotes":""},"categories":[16],"tags":[283,507,157],"class_list":["post-1921","post","type-post","status-publish","format-standard","has-post-thumbnail","hentry","category-actualidade","tag-cooperacao","tag-lusofona","tag-mpla"],"blocksy_meta":[],"_links":{"self":[{"href":"https:\/\/www.radiomais.ao\/index.php\/wp-json\/wp\/v2\/posts\/1921","targetHints":{"allow":["GET"]}}],"collection":[{"href":"https:\/\/www.radiomais.ao\/index.php\/wp-json\/wp\/v2\/posts"}],"about":[{"href":"https:\/\/www.radiomais.ao\/index.php\/wp-json\/wp\/v2\/types\/post"}],"author":[{"embeddable":true,"href":"https:\/\/www.radiomais.ao\/index.php\/wp-json\/wp\/v2\/users\/3"}],"replies":[{"embeddable":true,"href":"https:\/\/www.radiomais.ao\/index.php\/wp-json\/wp\/v2\/comments?post=1921"}],"version-history":[{"count":1,"href":"https:\/\/www.radiomais.ao\/index.php\/wp-json\/wp\/v2\/posts\/1921\/revisions"}],"predecessor-version":[{"id":1923,"href":"https:\/\/www.radiomais.ao\/index.php\/wp-json\/wp\/v2\/posts\/1921\/revisions\/1923"}],"wp:featuredmedia":[{"embeddable":true,"href":"https:\/\/www.radiomais.ao\/index.php\/wp-json\/wp\/v2\/media\/1922"}],"wp:attachment":[{"href":"https:\/\/www.radiomais.ao\/index.php\/wp-json\/wp\/v2\/media?parent=1921"}],"wp:term":[{"taxonomy":"category","embeddable":true,"href":"https:\/\/www.radiomais.ao\/index.php\/wp-json\/wp\/v2\/categories?post=1921"},{"taxonomy":"post_tag","embeddable":true,"href":"https:\/\/www.radiomais.ao\/index.php\/wp-json\/wp\/v2\/tags?post=1921"}],"curies":[{"name":"wp","href":"https:\/\/api.w.org\/{rel}","templated":true}]}}