{"id":1927,"date":"2025-09-04T12:09:35","date_gmt":"2025-09-04T11:09:35","guid":{"rendered":"https:\/\/www.radiomais.ao\/?p=1927"},"modified":"2025-09-04T12:09:35","modified_gmt":"2025-09-04T11:09:35","slug":"taag-desmente-informacoes-sobre-transferencia-de-voos-internacionais","status":"publish","type":"post","link":"https:\/\/www.radiomais.ao\/index.php\/2025\/09\/04\/taag-desmente-informacoes-sobre-transferencia-de-voos-internacionais\/","title":{"rendered":"TAAG desmente informa\u00e7\u00f5es sobre transfer\u00eancia de voos internacionais."},"content":{"rendered":"\n<p>O comunicado falso informava que a mudan\u00e7a para voos com destino ou origem no Brasil e em Portugal iria ocorrer a partir de 15 de setembro de 2025. Fonte <strong><em><a href=\"https:\/\/www.opais.ao\/economia\/taag-desmente-informacoes-sobre-transferencia-de-voos-internacionais\/\">Opa\u00eds<\/a><\/em><\/strong><\/p>\n","protected":false},"excerpt":{"rendered":"<p>O comunicado falso informava que a mudan\u00e7a para voos com destino ou origem no Brasil e em Portugal iria ocorrer a partir de 15 de setembro de 2025. Fonte Opa\u00eds<\/p>\n","protected":false},"author":3,"featured_media":1928,"comment_status":"open","ping_status":"open","sticky":false,"template":"","format":"standard","meta":{"footnotes":""},"categories":[16],"tags":[512,511],"class_list":["post-1927","post","type-post","status-publish","format-standard","has-post-thumbnail","hentry","category-actualidade","tag-desmente-informacoes","tag-taag"],"blocksy_meta":[],"_links":{"self":[{"href":"https:\/\/www.radiomais.ao\/index.php\/wp-json\/wp\/v2\/posts\/1927","targetHints":{"allow":["GET"]}}],"collection":[{"href":"https:\/\/www.radiomais.ao\/index.php\/wp-json\/wp\/v2\/posts"}],"about":[{"href":"https:\/\/www.radiomais.ao\/index.php\/wp-json\/wp\/v2\/types\/post"}],"author":[{"embeddable":true,"href":"https:\/\/www.radiomais.ao\/index.php\/wp-json\/wp\/v2\/users\/3"}],"replies":[{"embeddable":true,"href":"https:\/\/www.radiomais.ao\/index.php\/wp-json\/wp\/v2\/comments?post=1927"}],"version-history":[{"count":1,"href":"https:\/\/www.radiomais.ao\/index.php\/wp-json\/wp\/v2\/posts\/1927\/revisions"}],"predecessor-version":[{"id":1929,"href":"https:\/\/www.radiomais.ao\/index.php\/wp-json\/wp\/v2\/posts\/1927\/revisions\/1929"}],"wp:featuredmedia":[{"embeddable":true,"href":"https:\/\/www.radiomais.ao\/index.php\/wp-json\/wp\/v2\/media\/1928"}],"wp:attachment":[{"href":"https:\/\/www.radiomais.ao\/index.php\/wp-json\/wp\/v2\/media?parent=1927"}],"wp:term":[{"taxonomy":"category","embeddable":true,"href":"https:\/\/www.radiomais.ao\/index.php\/wp-json\/wp\/v2\/categories?post=1927"},{"taxonomy":"post_tag","embeddable":true,"href":"https:\/\/www.radiomais.ao\/index.php\/wp-json\/wp\/v2\/tags?post=1927"}],"curies":[{"name":"wp","href":"https:\/\/api.w.org\/{rel}","templated":true}]}}