{"id":1930,"date":"2025-09-04T12:14:46","date_gmt":"2025-09-04T11:14:46","guid":{"rendered":"https:\/\/www.radiomais.ao\/?p=1930"},"modified":"2025-09-04T12:14:46","modified_gmt":"2025-09-04T11:14:46","slug":"governador-do-cuanza-norte-visita-atletas-sinistrados-no-dondo","status":"publish","type":"post","link":"https:\/\/www.radiomais.ao\/index.php\/2025\/09\/04\/governador-do-cuanza-norte-visita-atletas-sinistrados-no-dondo\/","title":{"rendered":"Governador do Cuanza-Norte visita atletas sinistrados no Dondo."},"content":{"rendered":"\n<p>O governador do Cuanza-Norte, Jo\u00e3o Diogo Gaspar, visitou, nesta quinta-feira, no Hospital Geral do Cuanza-Norte \u201cM\u00e1rio Pinto de Andrade\u201d, os atletas paral\u00edmpicos envolvidos no acidente ocorrido ontem, no Dondo, e foi informado sobre o estado de sa\u00fade dos pacientes. Fonte <strong><em><a href=\"https:\/\/www.opais.ao\/sociedade\/governador-do-cuanza-norte-visita-atletas-sinistrados-no-dondo\/\">O pa\u00eds<\/a><\/em><\/strong><\/p>\n","protected":false},"excerpt":{"rendered":"<p>O governador do Cuanza-Norte, Jo\u00e3o Diogo Gaspar, visitou, nesta quinta-feira, no Hospital Geral do Cuanza-Norte \u201cM\u00e1rio Pinto de Andrade\u201d, os atletas paral\u00edmpicos envolvidos no acidente ocorrido ontem, no Dondo, e foi informado sobre o estado de sa\u00fade dos pacientes. Fonte O pa\u00eds<\/p>\n","protected":false},"author":3,"featured_media":1931,"comment_status":"open","ping_status":"open","sticky":false,"template":"","format":"standard","meta":{"footnotes":""},"categories":[16],"tags":[513,514],"class_list":["post-1930","post","type-post","status-publish","format-standard","has-post-thumbnail","hentry","category-actualidade","tag-governador-do-cuanza-norte","tag-sinistrados-no-dondo"],"blocksy_meta":[],"_links":{"self":[{"href":"https:\/\/www.radiomais.ao\/index.php\/wp-json\/wp\/v2\/posts\/1930","targetHints":{"allow":["GET"]}}],"collection":[{"href":"https:\/\/www.radiomais.ao\/index.php\/wp-json\/wp\/v2\/posts"}],"about":[{"href":"https:\/\/www.radiomais.ao\/index.php\/wp-json\/wp\/v2\/types\/post"}],"author":[{"embeddable":true,"href":"https:\/\/www.radiomais.ao\/index.php\/wp-json\/wp\/v2\/users\/3"}],"replies":[{"embeddable":true,"href":"https:\/\/www.radiomais.ao\/index.php\/wp-json\/wp\/v2\/comments?post=1930"}],"version-history":[{"count":1,"href":"https:\/\/www.radiomais.ao\/index.php\/wp-json\/wp\/v2\/posts\/1930\/revisions"}],"predecessor-version":[{"id":1932,"href":"https:\/\/www.radiomais.ao\/index.php\/wp-json\/wp\/v2\/posts\/1930\/revisions\/1932"}],"wp:featuredmedia":[{"embeddable":true,"href":"https:\/\/www.radiomais.ao\/index.php\/wp-json\/wp\/v2\/media\/1931"}],"wp:attachment":[{"href":"https:\/\/www.radiomais.ao\/index.php\/wp-json\/wp\/v2\/media?parent=1930"}],"wp:term":[{"taxonomy":"category","embeddable":true,"href":"https:\/\/www.radiomais.ao\/index.php\/wp-json\/wp\/v2\/categories?post=1930"},{"taxonomy":"post_tag","embeddable":true,"href":"https:\/\/www.radiomais.ao\/index.php\/wp-json\/wp\/v2\/tags?post=1930"}],"curies":[{"name":"wp","href":"https:\/\/api.w.org\/{rel}","templated":true}]}}