{"id":1939,"date":"2025-09-04T12:40:41","date_gmt":"2025-09-04T11:40:41","guid":{"rendered":"https:\/\/www.radiomais.ao\/?p=1939"},"modified":"2025-09-04T12:40:41","modified_gmt":"2025-09-04T11:40:41","slug":"padrasto-espanca-ate-a-morte-enteada-de-9-anos-no-kilamba-kiaxi","status":"publish","type":"post","link":"https:\/\/www.radiomais.ao\/index.php\/2025\/09\/04\/padrasto-espanca-ate-a-morte-enteada-de-9-anos-no-kilamba-kiaxi\/","title":{"rendered":"Padrasto espanca at\u00e9 \u00e0 morte enteada de 9 anos no Kilamba Kiaxi."},"content":{"rendered":"\n<p><strong>Um crime de viol\u00eancia dom\u00e9stica com desfecho tr\u00e1gico chocou o bairro Nova Vida, no munic\u00edpio do Kilamba Kiaxi, em Luanda. Um cidad\u00e3o de 39 anos foi detido pelo Servi\u00e7o de Investiga\u00e7\u00e3o Criminal (SIC-Luanda), acusado de homic\u00eddio qualificado em raz\u00e3o da qualidade da v\u00edtima, ap\u00f3s espancar at\u00e9 \u00e0 morte a sua enteada, uma menina de apenas 9 anos<\/strong>. Fonte <strong><em><a href=\"https:\/\/www.opais.ao\/sociedade\/padrasto-espanca-ate-a-morte-enteada-de-9-anos-no-kilamba-kiaxi\/\">Opa\u00eds<\/a><\/em><\/strong><\/p>\n","protected":false},"excerpt":{"rendered":"<p>Um crime de viol\u00eancia dom\u00e9stica com desfecho tr\u00e1gico chocou o bairro Nova Vida, no munic\u00edpio do Kilamba Kiaxi, em Luanda. Um cidad\u00e3o de 39 anos foi detido pelo Servi\u00e7o de Investiga\u00e7\u00e3o Criminal (SIC-Luanda), acusado de homic\u00eddio qualificado em raz\u00e3o da qualidade da v\u00edtima, ap\u00f3s espancar at\u00e9 \u00e0 morte a sua enteada, uma menina de apenas [&hellip;]<\/p>\n","protected":false},"author":3,"featured_media":1940,"comment_status":"open","ping_status":"open","sticky":false,"template":"","format":"standard","meta":{"footnotes":""},"categories":[16],"tags":[522,521],"class_list":["post-1939","post","type-post","status-publish","format-standard","has-post-thumbnail","hentry","category-actualidade","tag-espanca-enteada","tag-padrasto"],"blocksy_meta":[],"_links":{"self":[{"href":"https:\/\/www.radiomais.ao\/index.php\/wp-json\/wp\/v2\/posts\/1939","targetHints":{"allow":["GET"]}}],"collection":[{"href":"https:\/\/www.radiomais.ao\/index.php\/wp-json\/wp\/v2\/posts"}],"about":[{"href":"https:\/\/www.radiomais.ao\/index.php\/wp-json\/wp\/v2\/types\/post"}],"author":[{"embeddable":true,"href":"https:\/\/www.radiomais.ao\/index.php\/wp-json\/wp\/v2\/users\/3"}],"replies":[{"embeddable":true,"href":"https:\/\/www.radiomais.ao\/index.php\/wp-json\/wp\/v2\/comments?post=1939"}],"version-history":[{"count":1,"href":"https:\/\/www.radiomais.ao\/index.php\/wp-json\/wp\/v2\/posts\/1939\/revisions"}],"predecessor-version":[{"id":1941,"href":"https:\/\/www.radiomais.ao\/index.php\/wp-json\/wp\/v2\/posts\/1939\/revisions\/1941"}],"wp:featuredmedia":[{"embeddable":true,"href":"https:\/\/www.radiomais.ao\/index.php\/wp-json\/wp\/v2\/media\/1940"}],"wp:attachment":[{"href":"https:\/\/www.radiomais.ao\/index.php\/wp-json\/wp\/v2\/media?parent=1939"}],"wp:term":[{"taxonomy":"category","embeddable":true,"href":"https:\/\/www.radiomais.ao\/index.php\/wp-json\/wp\/v2\/categories?post=1939"},{"taxonomy":"post_tag","embeddable":true,"href":"https:\/\/www.radiomais.ao\/index.php\/wp-json\/wp\/v2\/tags?post=1939"}],"curies":[{"name":"wp","href":"https:\/\/api.w.org\/{rel}","templated":true}]}}