{"id":1952,"date":"2025-09-05T11:34:32","date_gmt":"2025-09-05T10:34:32","guid":{"rendered":"https:\/\/www.radiomais.ao\/?p=1952"},"modified":"2025-09-05T11:34:32","modified_gmt":"2025-09-05T10:34:32","slug":"desespero-cerca-a-vida-dos-antigos-moradores-da-chicala-esquecidos-ha-11-anos-na-cabala","status":"publish","type":"post","link":"https:\/\/www.radiomais.ao\/index.php\/2025\/09\/05\/desespero-cerca-a-vida-dos-antigos-moradores-da-chicala-esquecidos-ha-11-anos-na-cabala\/","title":{"rendered":"Desespero cerca a vida dos antigos moradores da Chicala \u2018esquecidos\u2019 h\u00e1 11 anos na Cabala."},"content":{"rendered":"\n<p><strong>Incertezas, perigos, conviv\u00eancia di\u00e1ria com animais e outras adversidades cercam a vida dos antigos moradores do bairro da Chicala que, h\u00e1 11 anos, foram realojados na regi\u00e3o da Cabala, munic\u00edpio de Quissama, h\u00e1 75 km de Luanda. Aten\u00e7\u00e3o das autoridades na ced\u00eancia de habita\u00e7\u00f5es condignas \u00e9 o sonho dos populares que dizem ter sido esquecidos pelo Governo desde que foram realojados naquela localidade sem o m\u00ednimo de condi\u00e7\u00f5es de habitabilidade<\/strong>. Fonte <strong><em><a href=\"https:\/\/www.opais.ao\/sociedade\/desespero-cerca-a-vida-dos-antigos-moradores-da-chicala-esquecidos-ha-11-anos-na-cabala\/\">Opa\u00eds<\/a><\/em><\/strong><\/p>\n","protected":false},"excerpt":{"rendered":"<p>Incertezas, perigos, conviv\u00eancia di\u00e1ria com animais e outras adversidades cercam a vida dos antigos moradores do bairro da Chicala que, h\u00e1 11 anos, foram realojados na regi\u00e3o da Cabala, munic\u00edpio de Quissama, h\u00e1 75 km de Luanda. Aten\u00e7\u00e3o das autoridades na ced\u00eancia de habita\u00e7\u00f5es condignas \u00e9 o sonho dos populares que dizem ter sido esquecidos [&hellip;]<\/p>\n","protected":false},"author":3,"featured_media":1953,"comment_status":"open","ping_status":"open","sticky":false,"template":"","format":"standard","meta":{"footnotes":""},"categories":[1],"tags":[526,22,527],"class_list":["post-1952","post","type-post","status-publish","format-standard","has-post-thumbnail","hentry","category-uncategorized","tag-bairro-chicala","tag-destaque","tag-moradores"],"blocksy_meta":[],"_links":{"self":[{"href":"https:\/\/www.radiomais.ao\/index.php\/wp-json\/wp\/v2\/posts\/1952","targetHints":{"allow":["GET"]}}],"collection":[{"href":"https:\/\/www.radiomais.ao\/index.php\/wp-json\/wp\/v2\/posts"}],"about":[{"href":"https:\/\/www.radiomais.ao\/index.php\/wp-json\/wp\/v2\/types\/post"}],"author":[{"embeddable":true,"href":"https:\/\/www.radiomais.ao\/index.php\/wp-json\/wp\/v2\/users\/3"}],"replies":[{"embeddable":true,"href":"https:\/\/www.radiomais.ao\/index.php\/wp-json\/wp\/v2\/comments?post=1952"}],"version-history":[{"count":1,"href":"https:\/\/www.radiomais.ao\/index.php\/wp-json\/wp\/v2\/posts\/1952\/revisions"}],"predecessor-version":[{"id":1954,"href":"https:\/\/www.radiomais.ao\/index.php\/wp-json\/wp\/v2\/posts\/1952\/revisions\/1954"}],"wp:featuredmedia":[{"embeddable":true,"href":"https:\/\/www.radiomais.ao\/index.php\/wp-json\/wp\/v2\/media\/1953"}],"wp:attachment":[{"href":"https:\/\/www.radiomais.ao\/index.php\/wp-json\/wp\/v2\/media?parent=1952"}],"wp:term":[{"taxonomy":"category","embeddable":true,"href":"https:\/\/www.radiomais.ao\/index.php\/wp-json\/wp\/v2\/categories?post=1952"},{"taxonomy":"post_tag","embeddable":true,"href":"https:\/\/www.radiomais.ao\/index.php\/wp-json\/wp\/v2\/tags?post=1952"}],"curies":[{"name":"wp","href":"https:\/\/api.w.org\/{rel}","templated":true}]}}