{"id":1955,"date":"2025-09-05T11:43:37","date_gmt":"2025-09-05T10:43:37","guid":{"rendered":"https:\/\/www.radiomais.ao\/?p=1955"},"modified":"2025-09-05T11:43:37","modified_gmt":"2025-09-05T10:43:37","slug":"angola-reforca-protagonismo-no-debate-global-sobre-direitos-humanos","status":"publish","type":"post","link":"https:\/\/www.radiomais.ao\/index.php\/2025\/09\/05\/angola-reforca-protagonismo-no-debate-global-sobre-direitos-humanos\/","title":{"rendered":"Angola refor\u00e7a protagonismo no debate global sobre Direitos Humanos."},"content":{"rendered":"\n<p><strong>Ao assumir a presid\u00eancia da Associa\u00e7\u00e3o dos Provedores de Justi\u00e7a e Mediadores de \u00c1frica, Angola voltou a marcar presen\u00e7a de peso nos palcos internacionais de defesa dos Direitos Fundamentais. Em El Salvador, onde decorreu de 2 a 4 deste m\u00eas a Primeira Cimeira Global de Direitos Humanos, a Provedora de Justi\u00e7a angolana, Florbela Rocha Ara\u00fajo, defendeu a necessidade de se unir esfor\u00e7os com vista a enfrentar os novos desafios do s\u00e9culo XXI<\/strong>. Fonte <strong><em><a href=\"https:\/\/www.opais.ao\/politica\/angola-reforca-protagonismo-no-debate-global-sobre-direitos-humanos\/\">Opa\u00eds<\/a><\/em><\/strong><\/p>\n","protected":false},"excerpt":{"rendered":"<p>Ao assumir a presid\u00eancia da Associa\u00e7\u00e3o dos Provedores de Justi\u00e7a e Mediadores de \u00c1frica, Angola voltou a marcar presen\u00e7a de peso nos palcos internacionais de defesa dos Direitos Fundamentais. Em El Salvador, onde decorreu de 2 a 4 deste m\u00eas a Primeira Cimeira Global de Direitos Humanos, a Provedora de Justi\u00e7a angolana, Florbela Rocha Ara\u00fajo, [&hellip;]<\/p>\n","protected":false},"author":3,"featured_media":1956,"comment_status":"open","ping_status":"open","sticky":false,"template":"","format":"standard","meta":{"footnotes":""},"categories":[16],"tags":[75,529,528],"class_list":["post-1955","post","type-post","status-publish","format-standard","has-post-thumbnail","hentry","category-actualidade","tag-angola","tag-direitos-humanos","tag-reforca-protagonismo"],"blocksy_meta":[],"_links":{"self":[{"href":"https:\/\/www.radiomais.ao\/index.php\/wp-json\/wp\/v2\/posts\/1955","targetHints":{"allow":["GET"]}}],"collection":[{"href":"https:\/\/www.radiomais.ao\/index.php\/wp-json\/wp\/v2\/posts"}],"about":[{"href":"https:\/\/www.radiomais.ao\/index.php\/wp-json\/wp\/v2\/types\/post"}],"author":[{"embeddable":true,"href":"https:\/\/www.radiomais.ao\/index.php\/wp-json\/wp\/v2\/users\/3"}],"replies":[{"embeddable":true,"href":"https:\/\/www.radiomais.ao\/index.php\/wp-json\/wp\/v2\/comments?post=1955"}],"version-history":[{"count":1,"href":"https:\/\/www.radiomais.ao\/index.php\/wp-json\/wp\/v2\/posts\/1955\/revisions"}],"predecessor-version":[{"id":1957,"href":"https:\/\/www.radiomais.ao\/index.php\/wp-json\/wp\/v2\/posts\/1955\/revisions\/1957"}],"wp:featuredmedia":[{"embeddable":true,"href":"https:\/\/www.radiomais.ao\/index.php\/wp-json\/wp\/v2\/media\/1956"}],"wp:attachment":[{"href":"https:\/\/www.radiomais.ao\/index.php\/wp-json\/wp\/v2\/media?parent=1955"}],"wp:term":[{"taxonomy":"category","embeddable":true,"href":"https:\/\/www.radiomais.ao\/index.php\/wp-json\/wp\/v2\/categories?post=1955"},{"taxonomy":"post_tag","embeddable":true,"href":"https:\/\/www.radiomais.ao\/index.php\/wp-json\/wp\/v2\/tags?post=1955"}],"curies":[{"name":"wp","href":"https:\/\/api.w.org\/{rel}","templated":true}]}}