{"id":1958,"date":"2025-09-05T11:46:52","date_gmt":"2025-09-05T10:46:52","guid":{"rendered":"https:\/\/www.radiomais.ao\/?p=1958"},"modified":"2025-09-05T11:46:52","modified_gmt":"2025-09-05T10:46:52","slug":"executivo-actualiza-carreira-de-mais-de-30-mil-funcionarios-publicos","status":"publish","type":"post","link":"https:\/\/www.radiomais.ao\/index.php\/2025\/09\/05\/executivo-actualiza-carreira-de-mais-de-30-mil-funcionarios-publicos\/","title":{"rendered":"Executivo actualiza carreira de mais de 30 mil funcion\u00e1rios p\u00fablicos."},"content":{"rendered":"\n<p><em>O Executivo anunciou que, por meio da Equipa do Processo de Actualiza\u00e7\u00e3o das Categorias do Regime Geral dos Funcion\u00e1rios P\u00fablicos, procedeu \u00e0 actualiza\u00e7\u00e3o das carreiras de 38 mil e 122 trabalhadores, superando a marca de 90% do total previsto<\/em>. Fonte<strong><em><a href=\"https:\/\/www.opais.ao\/politica\/executivo-actualiza-carreira-de-mais-de-30-mil-funcionarios-publicos\/\"> Opa\u00eds<\/a><\/em><\/strong><\/p>\n","protected":false},"excerpt":{"rendered":"<p>O Executivo anunciou que, por meio da Equipa do Processo de Actualiza\u00e7\u00e3o das Categorias do Regime Geral dos Funcion\u00e1rios P\u00fablicos, procedeu \u00e0 actualiza\u00e7\u00e3o das carreiras de 38 mil e 122 trabalhadores, superando a marca de 90% do total previsto. Fonte Opa\u00eds<\/p>\n","protected":false},"author":3,"featured_media":1959,"comment_status":"open","ping_status":"open","sticky":false,"template":"","format":"standard","meta":{"footnotes":""},"categories":[16],"tags":[530,199,531],"class_list":["post-1958","post","type-post","status-publish","format-standard","has-post-thumbnail","hentry","category-actualidade","tag-carreira","tag-executivo","tag-funcionarios-publicos"],"blocksy_meta":[],"_links":{"self":[{"href":"https:\/\/www.radiomais.ao\/index.php\/wp-json\/wp\/v2\/posts\/1958","targetHints":{"allow":["GET"]}}],"collection":[{"href":"https:\/\/www.radiomais.ao\/index.php\/wp-json\/wp\/v2\/posts"}],"about":[{"href":"https:\/\/www.radiomais.ao\/index.php\/wp-json\/wp\/v2\/types\/post"}],"author":[{"embeddable":true,"href":"https:\/\/www.radiomais.ao\/index.php\/wp-json\/wp\/v2\/users\/3"}],"replies":[{"embeddable":true,"href":"https:\/\/www.radiomais.ao\/index.php\/wp-json\/wp\/v2\/comments?post=1958"}],"version-history":[{"count":1,"href":"https:\/\/www.radiomais.ao\/index.php\/wp-json\/wp\/v2\/posts\/1958\/revisions"}],"predecessor-version":[{"id":1960,"href":"https:\/\/www.radiomais.ao\/index.php\/wp-json\/wp\/v2\/posts\/1958\/revisions\/1960"}],"wp:featuredmedia":[{"embeddable":true,"href":"https:\/\/www.radiomais.ao\/index.php\/wp-json\/wp\/v2\/media\/1959"}],"wp:attachment":[{"href":"https:\/\/www.radiomais.ao\/index.php\/wp-json\/wp\/v2\/media?parent=1958"}],"wp:term":[{"taxonomy":"category","embeddable":true,"href":"https:\/\/www.radiomais.ao\/index.php\/wp-json\/wp\/v2\/categories?post=1958"},{"taxonomy":"post_tag","embeddable":true,"href":"https:\/\/www.radiomais.ao\/index.php\/wp-json\/wp\/v2\/tags?post=1958"}],"curies":[{"name":"wp","href":"https:\/\/api.w.org\/{rel}","templated":true}]}}