{"id":2003,"date":"2025-09-09T16:06:26","date_gmt":"2025-09-09T15:06:26","guid":{"rendered":"https:\/\/www.radiomais.ao\/?p=2003"},"modified":"2025-09-09T16:06:26","modified_gmt":"2025-09-09T15:06:26","slug":"tribunal-constitucional-levanta-interdicao-de-saida-do-pais-de-exalgina-gamboa","status":"publish","type":"post","link":"https:\/\/www.radiomais.ao\/index.php\/2025\/09\/09\/tribunal-constitucional-levanta-interdicao-de-saida-do-pais-de-exalgina-gamboa\/","title":{"rendered":"Tribunal Constitucional levanta interdi\u00e7\u00e3o de sa\u00edda do pa\u00eds de Exalgina Gamb\u00f4a."},"content":{"rendered":"\n<p><strong>O Tribunal Constitucional (TC) deu provimento ao recurso extraordin\u00e1rio de inconstitucionalidade interposto por Exalgina Gamb\u00f4a, ao extinguir a medida de coa\u00e7\u00e3o que impedia a ju\u00edza de sair do pa\u00eds h\u00e1 mais de 670 dias. A medida consta do acord\u00e3o n\u00ba 1004\/2025 TC, datado de 24 de Junho e que s\u00f3 agora \u00e9 tornado p\u00fablico.<\/strong> Font<strong><em><a href=\"https:\/\/www.opais.ao\/politica\/tribunal-constitucional-levanta-interdicao-de-saida-do-pais-de-exalgina-gamboa\/\">e Opa\u00eds<\/a><\/em><\/strong><\/p>\n\n\n\n<p><\/p>\n","protected":false},"excerpt":{"rendered":"<p>O Tribunal Constitucional (TC) deu provimento ao recurso extraordin\u00e1rio de inconstitucionalidade interposto por Exalgina Gamb\u00f4a, ao extinguir a medida de coa\u00e7\u00e3o que impedia a ju\u00edza de sair do pa\u00eds h\u00e1 mais de 670 dias. A medida consta do acord\u00e3o n\u00ba 1004\/2025 TC, datado de 24 de Junho e que s\u00f3 agora \u00e9 tornado p\u00fablico. Fonte [&hellip;]<\/p>\n","protected":false},"author":3,"featured_media":2004,"comment_status":"open","ping_status":"open","sticky":false,"template":"","format":"standard","meta":{"footnotes":""},"categories":[16],"tags":[538,537,536],"class_list":["post-2003","post","type-post","status-publish","format-standard","has-post-thumbnail","hentry","category-actualidade","tag-exalgina-gamboa","tag-interdicao","tag-tc"],"blocksy_meta":[],"_links":{"self":[{"href":"https:\/\/www.radiomais.ao\/index.php\/wp-json\/wp\/v2\/posts\/2003","targetHints":{"allow":["GET"]}}],"collection":[{"href":"https:\/\/www.radiomais.ao\/index.php\/wp-json\/wp\/v2\/posts"}],"about":[{"href":"https:\/\/www.radiomais.ao\/index.php\/wp-json\/wp\/v2\/types\/post"}],"author":[{"embeddable":true,"href":"https:\/\/www.radiomais.ao\/index.php\/wp-json\/wp\/v2\/users\/3"}],"replies":[{"embeddable":true,"href":"https:\/\/www.radiomais.ao\/index.php\/wp-json\/wp\/v2\/comments?post=2003"}],"version-history":[{"count":1,"href":"https:\/\/www.radiomais.ao\/index.php\/wp-json\/wp\/v2\/posts\/2003\/revisions"}],"predecessor-version":[{"id":2005,"href":"https:\/\/www.radiomais.ao\/index.php\/wp-json\/wp\/v2\/posts\/2003\/revisions\/2005"}],"wp:featuredmedia":[{"embeddable":true,"href":"https:\/\/www.radiomais.ao\/index.php\/wp-json\/wp\/v2\/media\/2004"}],"wp:attachment":[{"href":"https:\/\/www.radiomais.ao\/index.php\/wp-json\/wp\/v2\/media?parent=2003"}],"wp:term":[{"taxonomy":"category","embeddable":true,"href":"https:\/\/www.radiomais.ao\/index.php\/wp-json\/wp\/v2\/categories?post=2003"},{"taxonomy":"post_tag","embeddable":true,"href":"https:\/\/www.radiomais.ao\/index.php\/wp-json\/wp\/v2\/tags?post=2003"}],"curies":[{"name":"wp","href":"https:\/\/api.w.org\/{rel}","templated":true}]}}