{"id":2030,"date":"2025-09-09T16:55:38","date_gmt":"2025-09-09T15:55:38","guid":{"rendered":"https:\/\/www.radiomais.ao\/?p=2030"},"modified":"2025-09-09T16:55:38","modified_gmt":"2025-09-09T15:55:38","slug":"medio-oriente-ayatollah-iraniano-pede-corte-de-relacoes-com-israel","status":"publish","type":"post","link":"https:\/\/www.radiomais.ao\/index.php\/2025\/09\/09\/medio-oriente-ayatollah-iraniano-pede-corte-de-relacoes-com-israel\/","title":{"rendered":"M\u00e9dio Oriente: Ayatollah iraniano pede corte de rela\u00e7\u00f5es com Israel."},"content":{"rendered":"\n<p><strong>O l\u00edder supremo do Ir\u00e3o, o ayatollah Ali Khamenei, apelou a todos os pa\u00edses para que \u201ccortem completamente\u201d as suas rela\u00e7\u00f5es comerciais e pol\u00edticas com Israel devido aos seus \u201ccrimes e atrocidades\u201d<\/strong>. Fonte <strong><em><a href=\"https:\/\/www.opais.ao\/mundo\/medio-oriente-ayatollah-iraniano-pede-corte-de-relacoes-com-israel\/\">Opa\u00eds<\/a><\/em><\/strong><\/p>\n","protected":false},"excerpt":{"rendered":"<p>O l\u00edder supremo do Ir\u00e3o, o ayatollah Ali Khamenei, apelou a todos os pa\u00edses para que \u201ccortem completamente\u201d as suas rela\u00e7\u00f5es comerciais e pol\u00edticas com Israel devido aos seus \u201ccrimes e atrocidades\u201d. Fonte Opa\u00eds<\/p>\n","protected":false},"author":3,"featured_media":2031,"comment_status":"open","ping_status":"open","sticky":false,"template":"","format":"standard","meta":{"footnotes":""},"categories":[16],"tags":[556,555],"class_list":["post-2030","post","type-post","status-publish","format-standard","has-post-thumbnail","hentry","category-actualidade","tag-israel","tag-oriente-medio"],"blocksy_meta":[],"_links":{"self":[{"href":"https:\/\/www.radiomais.ao\/index.php\/wp-json\/wp\/v2\/posts\/2030","targetHints":{"allow":["GET"]}}],"collection":[{"href":"https:\/\/www.radiomais.ao\/index.php\/wp-json\/wp\/v2\/posts"}],"about":[{"href":"https:\/\/www.radiomais.ao\/index.php\/wp-json\/wp\/v2\/types\/post"}],"author":[{"embeddable":true,"href":"https:\/\/www.radiomais.ao\/index.php\/wp-json\/wp\/v2\/users\/3"}],"replies":[{"embeddable":true,"href":"https:\/\/www.radiomais.ao\/index.php\/wp-json\/wp\/v2\/comments?post=2030"}],"version-history":[{"count":1,"href":"https:\/\/www.radiomais.ao\/index.php\/wp-json\/wp\/v2\/posts\/2030\/revisions"}],"predecessor-version":[{"id":2032,"href":"https:\/\/www.radiomais.ao\/index.php\/wp-json\/wp\/v2\/posts\/2030\/revisions\/2032"}],"wp:featuredmedia":[{"embeddable":true,"href":"https:\/\/www.radiomais.ao\/index.php\/wp-json\/wp\/v2\/media\/2031"}],"wp:attachment":[{"href":"https:\/\/www.radiomais.ao\/index.php\/wp-json\/wp\/v2\/media?parent=2030"}],"wp:term":[{"taxonomy":"category","embeddable":true,"href":"https:\/\/www.radiomais.ao\/index.php\/wp-json\/wp\/v2\/categories?post=2030"},{"taxonomy":"post_tag","embeddable":true,"href":"https:\/\/www.radiomais.ao\/index.php\/wp-json\/wp\/v2\/tags?post=2030"}],"curies":[{"name":"wp","href":"https:\/\/api.w.org\/{rel}","templated":true}]}}