{"id":2039,"date":"2025-09-11T14:42:39","date_gmt":"2025-09-11T13:42:39","guid":{"rendered":"https:\/\/www.radiomais.ao\/?p=2039"},"modified":"2025-09-11T14:42:39","modified_gmt":"2025-09-11T13:42:39","slug":"luanda-com-mais-de-tres-mil-casos-de-depressao-e-124-tentativas-de-suicidio","status":"publish","type":"post","link":"https:\/\/www.radiomais.ao\/index.php\/2025\/09\/11\/luanda-com-mais-de-tres-mil-casos-de-depressao-e-124-tentativas-de-suicidio\/","title":{"rendered":"Luanda com mais de tr\u00eas mil casos de depress\u00e3o e 124 tentativas de suic\u00eddio."},"content":{"rendered":"\n<p><strong>O Programa Provincial de Sa\u00fade Mental e Abuso de Subst\u00e2ncias (PPSMASS), implementado nos 16 munic\u00edpios da cidade de Luanda, registou no 1.\u00ba semestre 3.374 casos de depress\u00e3o e 124 tentativas de suic\u00eddio, segundo o coordenador deste programa, Sebasti\u00e3o Kinguati<\/strong>. Fonte<strong><em><a href=\"https:\/\/www.opais.ao\/sociedade\/luanda-com-mais-de-tres-mil-casos-de-depressao-e-124-tentativas-de-suicidio\/\"> Opa\u00eds<\/a><\/em><\/strong><\/p>\n","protected":false},"excerpt":{"rendered":"<p>O Programa Provincial de Sa\u00fade Mental e Abuso de Subst\u00e2ncias (PPSMASS), implementado nos 16 munic\u00edpios da cidade de Luanda, registou no 1.\u00ba semestre 3.374 casos de depress\u00e3o e 124 tentativas de suic\u00eddio, segundo o coordenador deste programa, Sebasti\u00e3o Kinguati. Fonte Opa\u00eds<\/p>\n","protected":false},"author":3,"featured_media":2040,"comment_status":"open","ping_status":"open","sticky":false,"template":"","format":"standard","meta":{"footnotes":""},"categories":[1],"tags":[559,22,87],"class_list":["post-2039","post","type-post","status-publish","format-standard","has-post-thumbnail","hentry","category-uncategorized","tag-depressao","tag-destaque","tag-luanda"],"blocksy_meta":[],"_links":{"self":[{"href":"https:\/\/www.radiomais.ao\/index.php\/wp-json\/wp\/v2\/posts\/2039","targetHints":{"allow":["GET"]}}],"collection":[{"href":"https:\/\/www.radiomais.ao\/index.php\/wp-json\/wp\/v2\/posts"}],"about":[{"href":"https:\/\/www.radiomais.ao\/index.php\/wp-json\/wp\/v2\/types\/post"}],"author":[{"embeddable":true,"href":"https:\/\/www.radiomais.ao\/index.php\/wp-json\/wp\/v2\/users\/3"}],"replies":[{"embeddable":true,"href":"https:\/\/www.radiomais.ao\/index.php\/wp-json\/wp\/v2\/comments?post=2039"}],"version-history":[{"count":1,"href":"https:\/\/www.radiomais.ao\/index.php\/wp-json\/wp\/v2\/posts\/2039\/revisions"}],"predecessor-version":[{"id":2041,"href":"https:\/\/www.radiomais.ao\/index.php\/wp-json\/wp\/v2\/posts\/2039\/revisions\/2041"}],"wp:featuredmedia":[{"embeddable":true,"href":"https:\/\/www.radiomais.ao\/index.php\/wp-json\/wp\/v2\/media\/2040"}],"wp:attachment":[{"href":"https:\/\/www.radiomais.ao\/index.php\/wp-json\/wp\/v2\/media?parent=2039"}],"wp:term":[{"taxonomy":"category","embeddable":true,"href":"https:\/\/www.radiomais.ao\/index.php\/wp-json\/wp\/v2\/categories?post=2039"},{"taxonomy":"post_tag","embeddable":true,"href":"https:\/\/www.radiomais.ao\/index.php\/wp-json\/wp\/v2\/tags?post=2039"}],"curies":[{"name":"wp","href":"https:\/\/api.w.org\/{rel}","templated":true}]}}