{"id":2042,"date":"2025-09-11T14:48:43","date_gmt":"2025-09-11T13:48:43","guid":{"rendered":"https:\/\/www.radiomais.ao\/?p=2042"},"modified":"2025-09-11T14:48:43","modified_gmt":"2025-09-11T13:48:43","slug":"carolina-cerqueira-em-cuba-para-reforco-da-cooperacao-parlamentar","status":"publish","type":"post","link":"https:\/\/www.radiomais.ao\/index.php\/2025\/09\/11\/carolina-cerqueira-em-cuba-para-reforco-da-cooperacao-parlamentar\/","title":{"rendered":"Carolina Cerqueira em Cuba para refor\u00e7o da coopera\u00e7\u00e3o parlamentar."},"content":{"rendered":"\n<p><strong>A Presidente da Assembleia Nacional, Carolina Cerqueira, partiu ontem, quarta-feira, 10, para Cuba, onde vai realizar uma visita oficial de 12 a 15 deste m\u00eas, a convite do hom\u00f3logo cubano, Juan Esteban Lazo Hern\u00e1ndez, Presidente da Assembleia Nacional do Poder Popular, numa desloca\u00e7\u00e3o que tem como objectivo o refor\u00e7o da coopera\u00e7\u00e3o parlamentar e o aprofundamento das rela\u00e7\u00f5es hist\u00f3ricas entre os dois pa\u00edses<\/strong>. Fonte <strong><em><a href=\"https:\/\/www.opais.ao\/politica\/carolina-cerqueira-em-cuba-para-reforco-da-cooperacao-parlamentar\/\">O pa\u00eds<\/a><\/em><\/strong><\/p>\n","protected":false},"excerpt":{"rendered":"<p>A Presidente da Assembleia Nacional, Carolina Cerqueira, partiu ontem, quarta-feira, 10, para Cuba, onde vai realizar uma visita oficial de 12 a 15 deste m\u00eas, a convite do hom\u00f3logo cubano, Juan Esteban Lazo Hern\u00e1ndez, Presidente da Assembleia Nacional do Poder Popular, numa desloca\u00e7\u00e3o que tem como objectivo o refor\u00e7o da coopera\u00e7\u00e3o parlamentar e o aprofundamento [&hellip;]<\/p>\n","protected":false},"author":3,"featured_media":2043,"comment_status":"open","ping_status":"open","sticky":false,"template":"","format":"standard","meta":{"footnotes":""},"categories":[16],"tags":[560,563,561,562],"class_list":["post-2042","post","type-post","status-publish","format-standard","has-post-thumbnail","hentry","category-actualidade","tag-carolina-cerqueira","tag-cooperacao-parlamentar","tag-cuba","tag-reforco"],"blocksy_meta":[],"_links":{"self":[{"href":"https:\/\/www.radiomais.ao\/index.php\/wp-json\/wp\/v2\/posts\/2042","targetHints":{"allow":["GET"]}}],"collection":[{"href":"https:\/\/www.radiomais.ao\/index.php\/wp-json\/wp\/v2\/posts"}],"about":[{"href":"https:\/\/www.radiomais.ao\/index.php\/wp-json\/wp\/v2\/types\/post"}],"author":[{"embeddable":true,"href":"https:\/\/www.radiomais.ao\/index.php\/wp-json\/wp\/v2\/users\/3"}],"replies":[{"embeddable":true,"href":"https:\/\/www.radiomais.ao\/index.php\/wp-json\/wp\/v2\/comments?post=2042"}],"version-history":[{"count":1,"href":"https:\/\/www.radiomais.ao\/index.php\/wp-json\/wp\/v2\/posts\/2042\/revisions"}],"predecessor-version":[{"id":2044,"href":"https:\/\/www.radiomais.ao\/index.php\/wp-json\/wp\/v2\/posts\/2042\/revisions\/2044"}],"wp:featuredmedia":[{"embeddable":true,"href":"https:\/\/www.radiomais.ao\/index.php\/wp-json\/wp\/v2\/media\/2043"}],"wp:attachment":[{"href":"https:\/\/www.radiomais.ao\/index.php\/wp-json\/wp\/v2\/media?parent=2042"}],"wp:term":[{"taxonomy":"category","embeddable":true,"href":"https:\/\/www.radiomais.ao\/index.php\/wp-json\/wp\/v2\/categories?post=2042"},{"taxonomy":"post_tag","embeddable":true,"href":"https:\/\/www.radiomais.ao\/index.php\/wp-json\/wp\/v2\/tags?post=2042"}],"curies":[{"name":"wp","href":"https:\/\/api.w.org\/{rel}","templated":true}]}}