{"id":2045,"date":"2025-09-11T14:55:10","date_gmt":"2025-09-11T13:55:10","guid":{"rendered":"https:\/\/www.radiomais.ao\/?p=2045"},"modified":"2025-09-11T14:55:10","modified_gmt":"2025-09-11T13:55:10","slug":"chefe-de-estado-conclui-quinta-fase-de-condecoracoes-com-mais-de-700-personalidades-homenageadas","status":"publish","type":"post","link":"https:\/\/www.radiomais.ao\/index.php\/2025\/09\/11\/chefe-de-estado-conclui-quinta-fase-de-condecoracoes-com-mais-de-700-personalidades-homenageadas\/","title":{"rendered":"Chefe de Estado conclui quinta fase de condecora\u00e7\u00f5es com mais de 700 personalidades homenageadas."},"content":{"rendered":"\n<p><strong>O Chefe de Estado, Jo\u00e3o Louren\u00e7o, encerrou, ontem, a quinta fase da cerim\u00f3nia de condecora\u00e7\u00e3o alusiva aos 50 anos da Independ\u00eancia Nacional, um evento que visou homenagear mais de 700 figuras de destaque nas \u00e1reas da pol\u00edtica, cultura, sa\u00fade, desporto, comunica\u00e7\u00e3o social e poder tradicional<\/strong>. Fonte <strong><em><a href=\"https:\/\/www.opais.ao\/politica\/chefe-de-estado-conclui-quinta-fase-de-condecoracoes-com-mais-de-700-personalidades-homenageadas\/\">Opa\u00eds<\/a><\/em><\/strong><\/p>\n\n\n\n<p><\/p>\n","protected":false},"excerpt":{"rendered":"<p>O Chefe de Estado, Jo\u00e3o Louren\u00e7o, encerrou, ontem, a quinta fase da cerim\u00f3nia de condecora\u00e7\u00e3o alusiva aos 50 anos da Independ\u00eancia Nacional, um evento que visou homenagear mais de 700 figuras de destaque nas \u00e1reas da pol\u00edtica, cultura, sa\u00fade, desporto, comunica\u00e7\u00e3o social e poder tradicional. Fonte Opa\u00eds<\/p>\n","protected":false},"author":3,"featured_media":2046,"comment_status":"open","ping_status":"open","sticky":false,"template":"","format":"standard","meta":{"footnotes":""},"categories":[16],"tags":[564,565,132],"class_list":["post-2045","post","type-post","status-publish","format-standard","has-post-thumbnail","hentry","category-actualidade","tag-condecoraces","tag-homenagens","tag-pr"],"blocksy_meta":[],"_links":{"self":[{"href":"https:\/\/www.radiomais.ao\/index.php\/wp-json\/wp\/v2\/posts\/2045","targetHints":{"allow":["GET"]}}],"collection":[{"href":"https:\/\/www.radiomais.ao\/index.php\/wp-json\/wp\/v2\/posts"}],"about":[{"href":"https:\/\/www.radiomais.ao\/index.php\/wp-json\/wp\/v2\/types\/post"}],"author":[{"embeddable":true,"href":"https:\/\/www.radiomais.ao\/index.php\/wp-json\/wp\/v2\/users\/3"}],"replies":[{"embeddable":true,"href":"https:\/\/www.radiomais.ao\/index.php\/wp-json\/wp\/v2\/comments?post=2045"}],"version-history":[{"count":1,"href":"https:\/\/www.radiomais.ao\/index.php\/wp-json\/wp\/v2\/posts\/2045\/revisions"}],"predecessor-version":[{"id":2047,"href":"https:\/\/www.radiomais.ao\/index.php\/wp-json\/wp\/v2\/posts\/2045\/revisions\/2047"}],"wp:featuredmedia":[{"embeddable":true,"href":"https:\/\/www.radiomais.ao\/index.php\/wp-json\/wp\/v2\/media\/2046"}],"wp:attachment":[{"href":"https:\/\/www.radiomais.ao\/index.php\/wp-json\/wp\/v2\/media?parent=2045"}],"wp:term":[{"taxonomy":"category","embeddable":true,"href":"https:\/\/www.radiomais.ao\/index.php\/wp-json\/wp\/v2\/categories?post=2045"},{"taxonomy":"post_tag","embeddable":true,"href":"https:\/\/www.radiomais.ao\/index.php\/wp-json\/wp\/v2\/tags?post=2045"}],"curies":[{"name":"wp","href":"https:\/\/api.w.org\/{rel}","templated":true}]}}