{"id":2048,"date":"2025-09-11T15:01:05","date_gmt":"2025-09-11T14:01:05","guid":{"rendered":"https:\/\/www.radiomais.ao\/?p=2048"},"modified":"2025-09-11T15:01:05","modified_gmt":"2025-09-11T14:01:05","slug":"angola-busca-expandir-mercado-de-diamantes-e-atrair-parcerias-globais","status":"publish","type":"post","link":"https:\/\/www.radiomais.ao\/index.php\/2025\/09\/11\/angola-busca-expandir-mercado-de-diamantes-e-atrair-parcerias-globais\/","title":{"rendered":"Angola busca expandir mercado de diamantes e atrair parcerias globais."},"content":{"rendered":"\n<p>O presidente do Conselho de Administra\u00e7\u00e3o da Sociedade Mineira do Luele (SML), R\u00f3mulo Mucase, afirmou, quarta-feira, que Angola est\u00e1 aberta a mostrar ao mundo o seu potencial no sector diamant\u00edfero. Fonte <strong><em><a href=\"https:\/\/www.opais.ao\/economia\/angola-busca-expandir-mercado-de-diamantes-e-atrair-parcerias-globais\/\">Opa\u00eds<\/a><\/em><\/strong><\/p>\n","protected":false},"excerpt":{"rendered":"<p>O presidente do Conselho de Administra\u00e7\u00e3o da Sociedade Mineira do Luele (SML), R\u00f3mulo Mucase, afirmou, quarta-feira, que Angola est\u00e1 aberta a mostrar ao mundo o seu potencial no sector diamant\u00edfero. Fonte Opa\u00eds<\/p>\n","protected":false},"author":3,"featured_media":2049,"comment_status":"open","ping_status":"open","sticky":false,"template":"","format":"standard","meta":{"footnotes":""},"categories":[16],"tags":[567,566,568],"class_list":["post-2048","post","type-post","status-publish","format-standard","has-post-thumbnail","hentry","category-actualidade","tag-expandir","tag-mercado-angolano","tag-parcerias-globais"],"blocksy_meta":[],"_links":{"self":[{"href":"https:\/\/www.radiomais.ao\/index.php\/wp-json\/wp\/v2\/posts\/2048","targetHints":{"allow":["GET"]}}],"collection":[{"href":"https:\/\/www.radiomais.ao\/index.php\/wp-json\/wp\/v2\/posts"}],"about":[{"href":"https:\/\/www.radiomais.ao\/index.php\/wp-json\/wp\/v2\/types\/post"}],"author":[{"embeddable":true,"href":"https:\/\/www.radiomais.ao\/index.php\/wp-json\/wp\/v2\/users\/3"}],"replies":[{"embeddable":true,"href":"https:\/\/www.radiomais.ao\/index.php\/wp-json\/wp\/v2\/comments?post=2048"}],"version-history":[{"count":1,"href":"https:\/\/www.radiomais.ao\/index.php\/wp-json\/wp\/v2\/posts\/2048\/revisions"}],"predecessor-version":[{"id":2050,"href":"https:\/\/www.radiomais.ao\/index.php\/wp-json\/wp\/v2\/posts\/2048\/revisions\/2050"}],"wp:featuredmedia":[{"embeddable":true,"href":"https:\/\/www.radiomais.ao\/index.php\/wp-json\/wp\/v2\/media\/2049"}],"wp:attachment":[{"href":"https:\/\/www.radiomais.ao\/index.php\/wp-json\/wp\/v2\/media?parent=2048"}],"wp:term":[{"taxonomy":"category","embeddable":true,"href":"https:\/\/www.radiomais.ao\/index.php\/wp-json\/wp\/v2\/categories?post=2048"},{"taxonomy":"post_tag","embeddable":true,"href":"https:\/\/www.radiomais.ao\/index.php\/wp-json\/wp\/v2\/tags?post=2048"}],"curies":[{"name":"wp","href":"https:\/\/api.w.org\/{rel}","templated":true}]}}