{"id":2051,"date":"2025-09-11T15:09:25","date_gmt":"2025-09-11T14:09:25","guid":{"rendered":"https:\/\/www.radiomais.ao\/?p=2051"},"modified":"2025-09-11T15:09:25","modified_gmt":"2025-09-11T14:09:25","slug":"namibe-comercializa-41-mil-toneladas-de-combustiveis-no-2-o-trimestre-de-2025","status":"publish","type":"post","link":"https:\/\/www.radiomais.ao\/index.php\/2025\/09\/11\/namibe-comercializa-41-mil-toneladas-de-combustiveis-no-2-o-trimestre-de-2025\/","title":{"rendered":"Namibe comercializa 41 mil toneladas de combust\u00edveis no 2.\u00ba trimestre de 2025."},"content":{"rendered":"\n<p><strong>A prov\u00edncia do Namibe registou a comercializa\u00e7\u00e3o de 41.429,97 toneladas m\u00e9tricas (TM) de combust\u00edveis durante o 2.\u00ba trimestre de 2025. A informa\u00e7\u00e3o foi divulgada durante a visita de trabalho do sector, pelo respons\u00e1vel do Instituto Regulador dos Derivados (IRDP), Lu\u00eds Fernandes<\/strong>. Fonte <strong><em><a href=\"https:\/\/www.opais.ao\/economia\/namibe-comercializa-41-mil-toneladas-de-combustiveis-no-2-o-trimestre-de-2025\/\">Opa\u00eds<\/a><\/em><\/strong><\/p>\n\n\n\n<p><\/p>\n","protected":false},"excerpt":{"rendered":"<p>A prov\u00edncia do Namibe registou a comercializa\u00e7\u00e3o de 41.429,97 toneladas m\u00e9tricas (TM) de combust\u00edveis durante o 2.\u00ba trimestre de 2025. A informa\u00e7\u00e3o foi divulgada durante a visita de trabalho do sector, pelo respons\u00e1vel do Instituto Regulador dos Derivados (IRDP), Lu\u00eds Fernandes. Fonte Opa\u00eds<\/p>\n","protected":false},"author":3,"featured_media":2052,"comment_status":"open","ping_status":"open","sticky":false,"template":"","format":"standard","meta":{"footnotes":""},"categories":[16],"tags":[544,172],"class_list":["post-2051","post","type-post","status-publish","format-standard","has-post-thumbnail","hentry","category-actualidade","tag-combustivel-2","tag-namibe"],"blocksy_meta":[],"_links":{"self":[{"href":"https:\/\/www.radiomais.ao\/index.php\/wp-json\/wp\/v2\/posts\/2051","targetHints":{"allow":["GET"]}}],"collection":[{"href":"https:\/\/www.radiomais.ao\/index.php\/wp-json\/wp\/v2\/posts"}],"about":[{"href":"https:\/\/www.radiomais.ao\/index.php\/wp-json\/wp\/v2\/types\/post"}],"author":[{"embeddable":true,"href":"https:\/\/www.radiomais.ao\/index.php\/wp-json\/wp\/v2\/users\/3"}],"replies":[{"embeddable":true,"href":"https:\/\/www.radiomais.ao\/index.php\/wp-json\/wp\/v2\/comments?post=2051"}],"version-history":[{"count":1,"href":"https:\/\/www.radiomais.ao\/index.php\/wp-json\/wp\/v2\/posts\/2051\/revisions"}],"predecessor-version":[{"id":2053,"href":"https:\/\/www.radiomais.ao\/index.php\/wp-json\/wp\/v2\/posts\/2051\/revisions\/2053"}],"wp:featuredmedia":[{"embeddable":true,"href":"https:\/\/www.radiomais.ao\/index.php\/wp-json\/wp\/v2\/media\/2052"}],"wp:attachment":[{"href":"https:\/\/www.radiomais.ao\/index.php\/wp-json\/wp\/v2\/media?parent=2051"}],"wp:term":[{"taxonomy":"category","embeddable":true,"href":"https:\/\/www.radiomais.ao\/index.php\/wp-json\/wp\/v2\/categories?post=2051"},{"taxonomy":"post_tag","embeddable":true,"href":"https:\/\/www.radiomais.ao\/index.php\/wp-json\/wp\/v2\/tags?post=2051"}],"curies":[{"name":"wp","href":"https:\/\/api.w.org\/{rel}","templated":true}]}}