{"id":2057,"date":"2025-09-11T15:28:25","date_gmt":"2025-09-11T14:28:25","guid":{"rendered":"https:\/\/www.radiomais.ao\/?p=2057"},"modified":"2025-09-11T15:28:25","modified_gmt":"2025-09-11T14:28:25","slug":"tribunal-da-relacao-retoma-julgamento-em-que-o-estado-e-reu","status":"publish","type":"post","link":"https:\/\/www.radiomais.ao\/index.php\/2025\/09\/11\/tribunal-da-relacao-retoma-julgamento-em-que-o-estado-e-reu\/","title":{"rendered":"Tribunal da Rela\u00e7\u00e3o retoma julgamento em que o Estado \u00e9 r\u00e9u."},"content":{"rendered":"\n<p><strong>O Tribunal da Rela\u00e7\u00e3o de Benguela retomou, na quarta-feira, 10, o julgamento, na base do processo n\u00famero 05\/2023 de responsabilidade extra-contratual, em que o Estado \u00e9 r\u00e9u, movido por um grupo de 12 activistas, que acusa a Pol\u00edcia Nacional de maus-tratos, ocorrido no dia 27 de Agosto, na sequ\u00eancia de deten\u00e7\u00f5es a que foram sujeitos, e exige indemniza\u00e7\u00e3o de mais de 40 milh\u00f5es de kwanzas. A sess\u00e3o de quarta-feira ficou marcada pela aus\u00eancia do delegado do Minist\u00e9rio do Interior<\/strong>. Fonte <strong><em><a href=\"https:\/\/www.opais.ao\/sociedade\/tribunal-da-relacao-retoma-julgamento-em-que-o-estado-e-reu\/\">Opa\u00eds<\/a><\/em><\/strong><\/p>\n","protected":false},"excerpt":{"rendered":"<p>O Tribunal da Rela\u00e7\u00e3o de Benguela retomou, na quarta-feira, 10, o julgamento, na base do processo n\u00famero 05\/2023 de responsabilidade extra-contratual, em que o Estado \u00e9 r\u00e9u, movido por um grupo de 12 activistas, que acusa a Pol\u00edcia Nacional de maus-tratos, ocorrido no dia 27 de Agosto, na sequ\u00eancia de deten\u00e7\u00f5es a que foram sujeitos, [&hellip;]<\/p>\n","protected":false},"author":3,"featured_media":2058,"comment_status":"open","ping_status":"open","sticky":false,"template":"","format":"standard","meta":{"footnotes":""},"categories":[16],"tags":[573,572,571],"class_list":["post-2057","post","type-post","status-publish","format-standard","has-post-thumbnail","hentry","category-actualidade","tag-estado","tag-julamento","tag-tribunal-das-relacoes"],"blocksy_meta":[],"_links":{"self":[{"href":"https:\/\/www.radiomais.ao\/index.php\/wp-json\/wp\/v2\/posts\/2057","targetHints":{"allow":["GET"]}}],"collection":[{"href":"https:\/\/www.radiomais.ao\/index.php\/wp-json\/wp\/v2\/posts"}],"about":[{"href":"https:\/\/www.radiomais.ao\/index.php\/wp-json\/wp\/v2\/types\/post"}],"author":[{"embeddable":true,"href":"https:\/\/www.radiomais.ao\/index.php\/wp-json\/wp\/v2\/users\/3"}],"replies":[{"embeddable":true,"href":"https:\/\/www.radiomais.ao\/index.php\/wp-json\/wp\/v2\/comments?post=2057"}],"version-history":[{"count":1,"href":"https:\/\/www.radiomais.ao\/index.php\/wp-json\/wp\/v2\/posts\/2057\/revisions"}],"predecessor-version":[{"id":2059,"href":"https:\/\/www.radiomais.ao\/index.php\/wp-json\/wp\/v2\/posts\/2057\/revisions\/2059"}],"wp:featuredmedia":[{"embeddable":true,"href":"https:\/\/www.radiomais.ao\/index.php\/wp-json\/wp\/v2\/media\/2058"}],"wp:attachment":[{"href":"https:\/\/www.radiomais.ao\/index.php\/wp-json\/wp\/v2\/media?parent=2057"}],"wp:term":[{"taxonomy":"category","embeddable":true,"href":"https:\/\/www.radiomais.ao\/index.php\/wp-json\/wp\/v2\/categories?post=2057"},{"taxonomy":"post_tag","embeddable":true,"href":"https:\/\/www.radiomais.ao\/index.php\/wp-json\/wp\/v2\/tags?post=2057"}],"curies":[{"name":"wp","href":"https:\/\/api.w.org\/{rel}","templated":true}]}}