{"id":2063,"date":"2025-09-11T15:59:08","date_gmt":"2025-09-11T14:59:08","guid":{"rendered":"https:\/\/www.radiomais.ao\/?p=2063"},"modified":"2025-09-11T15:59:08","modified_gmt":"2025-09-11T14:59:08","slug":"mais-de-50-pessoas-morreram-vitimas-de-descargas-electricas-no-huambo","status":"publish","type":"post","link":"https:\/\/www.radiomais.ao\/index.php\/2025\/09\/11\/mais-de-50-pessoas-morreram-vitimas-de-descargas-electricas-no-huambo\/","title":{"rendered":"Mais de 50 pessoas morreram v\u00edtimas de descargas el\u00e9ctricas no Huambo."},"content":{"rendered":"\n<p>Cinquenta e seis pessoas morreram atingidas por rel\u00e2mpagos na prov\u00edncia do Huambo durante a \u00e9poca chuvosa 2024\/2025, anunciou, esta quinta-feira, o comandante local do Servi\u00e7o de Protec\u00e7\u00e3o Civil e Bombeiros, comiss\u00e1rio bombeiro Nelson Sampaio. Fonte <strong><em><a href=\"https:\/\/www.opais.ao\/sociedade\/mais-de-50-pessoas-morreram-vitimas-de-descargas-electricas-no-huambo\/\">Opa\u00eds<\/a><\/em><\/strong><\/p>\n","protected":false},"excerpt":{"rendered":"<p>Cinquenta e seis pessoas morreram atingidas por rel\u00e2mpagos na prov\u00edncia do Huambo durante a \u00e9poca chuvosa 2024\/2025, anunciou, esta quinta-feira, o comandante local do Servi\u00e7o de Protec\u00e7\u00e3o Civil e Bombeiros, comiss\u00e1rio bombeiro Nelson Sampaio. Fonte Opa\u00eds<\/p>\n","protected":false},"author":3,"featured_media":2064,"comment_status":"open","ping_status":"open","sticky":false,"template":"","format":"standard","meta":{"footnotes":""},"categories":[16],"tags":[578,577],"class_list":["post-2063","post","type-post","status-publish","format-standard","has-post-thumbnail","hentry","category-actualidade","tag-atine-50-pessoas","tag-descarga-electrica"],"blocksy_meta":[],"_links":{"self":[{"href":"https:\/\/www.radiomais.ao\/index.php\/wp-json\/wp\/v2\/posts\/2063","targetHints":{"allow":["GET"]}}],"collection":[{"href":"https:\/\/www.radiomais.ao\/index.php\/wp-json\/wp\/v2\/posts"}],"about":[{"href":"https:\/\/www.radiomais.ao\/index.php\/wp-json\/wp\/v2\/types\/post"}],"author":[{"embeddable":true,"href":"https:\/\/www.radiomais.ao\/index.php\/wp-json\/wp\/v2\/users\/3"}],"replies":[{"embeddable":true,"href":"https:\/\/www.radiomais.ao\/index.php\/wp-json\/wp\/v2\/comments?post=2063"}],"version-history":[{"count":1,"href":"https:\/\/www.radiomais.ao\/index.php\/wp-json\/wp\/v2\/posts\/2063\/revisions"}],"predecessor-version":[{"id":2065,"href":"https:\/\/www.radiomais.ao\/index.php\/wp-json\/wp\/v2\/posts\/2063\/revisions\/2065"}],"wp:featuredmedia":[{"embeddable":true,"href":"https:\/\/www.radiomais.ao\/index.php\/wp-json\/wp\/v2\/media\/2064"}],"wp:attachment":[{"href":"https:\/\/www.radiomais.ao\/index.php\/wp-json\/wp\/v2\/media?parent=2063"}],"wp:term":[{"taxonomy":"category","embeddable":true,"href":"https:\/\/www.radiomais.ao\/index.php\/wp-json\/wp\/v2\/categories?post=2063"},{"taxonomy":"post_tag","embeddable":true,"href":"https:\/\/www.radiomais.ao\/index.php\/wp-json\/wp\/v2\/tags?post=2063"}],"curies":[{"name":"wp","href":"https:\/\/api.w.org\/{rel}","templated":true}]}}